{"id":2593,"date":"2020-04-21T15:55:37","date_gmt":"2020-04-21T13:55:37","guid":{"rendered":"https:\/\/www.theologie.uzh.ch\/static\/wp\/?p=2593"},"modified":"2020-04-21T15:55:37","modified_gmt":"2020-04-21T13:55:37","slug":"jesus-esta-contigo","status":"publish","type":"post","link":"https:\/\/www.theologie.uzh.ch\/apps\/gpi\/jesus-esta-contigo\/","title":{"rendered":"Jesus est\u00e1 contigo!"},"content":{"rendered":"<h3>Pr\u00e9dica para o 3\u00ba Domingo da Pascoa \u2013 26 de abril de 2020 |\u00a0Texto b\u00edblico: \u00a0Lucas 24. 13-35 | por Danilo Kramers |<\/h3>\n<p>Talvez voc\u00ea j\u00e1 tenha ouvido o seguinte conselho: \u201ccabe\u00e7a erguida, a vida n\u00e3o pode parar\u201d. Em diferentes situa\u00e7\u00f5es da vida algu\u00e9m pode vir ao nosso encontro com este conselho aparentemente superficial. Na despedida de algum ente querido, diante de uma doen\u00e7a ou crise financeira. Inclusive agora em um tempo de pandemia, num momento de isolamento, voc\u00ea e eu podemos nos agarrar a express\u00f5es como esta para n\u00e3o desistirmos diante das dificuldades.<\/p>\n<p>&nbsp;<\/p>\n<p>H\u00e1 momentos em que o cora\u00e7\u00e3o pesa, momentos em que a gente pensa ser insuport\u00e1vel continuar. Neste momento de inseguran\u00e7a, medo e crise que uma doen\u00e7a desconhecida pode nos proporcionar, voc\u00ea e eu somos convidados a nos colocar diante da Palavra de Deus. Para n\u00e3o nos firmarmos em palavras superficiais, mas em conselhos e sabedorias de Deus.<\/p>\n<p>&nbsp;<\/p>\n<p>Hoje, eu gostaria de meditar com voc\u00eas num texto que fala sobre duas pessoas abaladas, que estavam \u201cseguindo em frente\u201d, mas nem por isso de cora\u00e7\u00e3o leve.<\/p>\n<p>&nbsp;<\/p>\n<p>[Leitura do texto: <strong>Lucas 24. 13-35<\/strong>]<\/p>\n<p>&nbsp;<\/p>\n<p>Estes dois homens estavam numa caminhada que duraria umas tr\u00eas horas (70 est\u00e1dios &#8211; 10 km). Teriam um bom tempo para conversar (\u201c<em>iam conversando\u201d <\/em>v.14; \u201ce <em>enquanto conversavam<\/em>&#8230;\u201d v.15). No texto lemos que Jesus se aproximou e ia junto deles! Mas eles n\u00e3o o reconheceram, pois estavam sofrendo&#8230; estavam de luto.<\/p>\n<p>&nbsp;<\/p>\n<p>A morte meche conosco, com a nossa estrutura, com a nossa vida. Passamos a lembrar de muita coisa quando andamos por este caminho, quando vamos seguindo adiante com a vida, mas com o cora\u00e7\u00e3o entristecido.<\/p>\n<p>&nbsp;<\/p>\n<p>Os dois homens estavam abalados, como tamb\u00e9m n\u00f3s estar\u00edamos. Eles n\u00e3o perceberam que \u201cJesus <em>ia com eles\u201d<\/em>. O que tem te preocupado ultimamente? O que tem sido pesado para ti nestes dias? Talvez haja algo em teu cora\u00e7\u00e3o, que te angustia profundamente, mas que voc\u00ea nem sequer ousa pronunciar para algu\u00e9m.<\/p>\n<p>&nbsp;<\/p>\n<p>Jesus pergunta para os dois homens (v.17b): <em>\u201cque \u00e9 isso que vos preocupa?<\/em>\u201d Naquele momento <strong>eles pararam <\/strong>(v.17c).<\/p>\n<p>&nbsp;<\/p>\n<p>Meus amigos e minha amigas, muitas vezes a gente pensa que seguindo em frente, trabalhando, correndo, vivendo &#8211; afinal o conselho superficial seria&#8230; \u201ca vida continua\u201d &#8211; tudo vai ficar melhor, a dor da saudade pela perda de algu\u00e9m vai sarar, o problema vai passar ou vamos nos esquecer dele. Mas n\u00e3o \u00e9 bem assim&#8230;<\/p>\n<p>&nbsp;<\/p>\n<p>Ainda hoje Jesus te pergunta: o que tem te preocupado no caminho? O que tem pesado no teu cora\u00e7\u00e3o neste teu momento de vida?<\/p>\n<p>&nbsp;<\/p>\n<p>Os disc\u00edpulos pararam e come\u00e7aram um longo discurso (sete vers\u00edculos, v.18-24). Falaram tudo o que aconteceu, tudo o que os preocupava, tudo o que pesava em seus cora\u00e7\u00f5es. Esta foi a oportunidade que o pr\u00f3prio Senhor deu para eles aliviarem o cora\u00e7\u00e3o entristecido. Jesus os ouviu atentamente!<\/p>\n<p>&nbsp;<\/p>\n<p>Jesus, ent\u00e3o, exp\u00f5e as Escrituras, os chama de \u201cbobos e lerdos de cora\u00e7\u00e3o\u201d (v.25). N\u00e3o sabemos de todo o discurso de Jesus para estes homens. Lemos \u00a0que Ele expunha tudo o que a Escritura contava ao Seu respeito (v.27). Eles o ouviam! E na exposi\u00e7\u00e3o da Escritura o cora\u00e7\u00e3o dos dois ardia, mas ainda n\u00e3o entendiam o porqu\u00ea.<\/p>\n<p>&nbsp;<\/p>\n<p>S\u00f3 mais tarde, quando chegam ao destino, ao jantar com aquele estranho que aben\u00e7oa e divide o p\u00e3o, ambos os homens reconhecem que este era <strong>Jesus, que estava com eles <\/strong>durante a longa caminhada.<\/p>\n<p>&nbsp;<\/p>\n<p>O que tem te preocupado? Diga ao Senhor das tuas preocupa\u00e7\u00f5es, Ele te ouve. Ele anda contigo neste momento. No Salmo 23, somos lembrados: \u201cmesmo que eu ande pelo vale da sombra da morte n\u00e3o terei medo, Deus, o bom pastor est\u00e1 comigo\u201d.<\/p>\n<p>&nbsp;<\/p>\n<p>H\u00e1 tr\u00eas coisas que eu gostaria que voc\u00ea lembrasse sobre o ensinamento desta Palavra, do Evangelho de Lucas:<\/p>\n<ol>\n<li><strong>Pare e fale<\/strong>;<\/li>\n<li><strong>Voc\u00ea n\u00e3o sofre s\u00f3<\/strong>;<\/li>\n<li><strong>Jesus est\u00e1 contigo<\/strong>;<\/li>\n<\/ol>\n<p>&nbsp;<\/p>\n<ol>\n<li><strong>Pare e fale<\/strong>: o COVID-19 trouxe uma pausa inesperada para todos n\u00f3s. Nossos planos n\u00e3o eram deixarmos de ir \u00e0s aulas, ao trabalho, ao culto, ao anivers\u00e1rio ou ao enterro de algu\u00e9m. Fomos abruptamente interrompidos de nossos planejamentos. Precisamos parar, ficar em casa, dar um tempo. A palavra de hoje nos interpela por Jesus e nos convida a parar para falar com o mestre. Pare por um instante, fale o que te pesa no cora\u00e7\u00e3o e ou\u00e7a as Escrituras, que ainda hoje fazem o cora\u00e7\u00e3o arder.<\/li>\n<\/ol>\n<p>&nbsp;<\/p>\n<ol start=\"2\">\n<li><strong>Voc\u00ea n\u00e3o sofre s\u00f3<\/strong>: reconhe\u00e7a o irm\u00e3o que caminha contigo e partilha da mesma afli\u00e7\u00e3o. No texto de hoje lemos que dois homens come\u00e7aram uma longa caminhada. Esta palavra b\u00edblica nos lembra que n\u00e3o caminhamos sozinhos em nosso sofrimento. Hoje, os medos e ang\u00fastias deste tempo de pandemia n\u00e3o preocupam somente a ti, mas tamb\u00e9m ao teu irm\u00e3o e irm\u00e3, ao teu vizinho e amigo\/a, ao teu chefe ou teu funcion\u00e1rio.<\/li>\n<\/ol>\n<p>&nbsp;<\/p>\n<ol start=\"3\">\n<li><strong>Jesus est\u00e1 contigo<\/strong>: nosso lamento pode encontrar ouvidos atentos com nossos conhecidos e amigos\/as, mas \u00e9 no Jesus Cristo ressurreto que encontramos uma esperan\u00e7a que n\u00e3o \u00e9 superficial. Jesus est\u00e1 contigo neste tempo, assim como est\u00e1 com todos aqueles que vivem preocupa\u00e7\u00f5es semelhantes. Ele te ouve e fortalece, aquece e acalma teu cora\u00e7\u00e3o com a sua presen\u00e7a e a recorda\u00e7\u00e3o da sua Palavra.<\/li>\n<\/ol>\n<p>&nbsp;<\/p>\n<p>Os dois que caminhavam para Ema\u00fas estavam de luto, abalados pela perda. Lamentavam os fatos ocorridos nos \u00faltimos dias. N\u00f3s n\u00e3o somos comunidade (virtual, on-line) que \u201capenas se lamenta\u201d: ao se abrirem os nossos olhos, ao reconhecermos a presen\u00e7a e o cuidado de Jesus somos tamb\u00e9m vocacionados a compartilhar da maravilhosa not\u00edcia de Vida e Salva\u00e7\u00e3o que temos no Senhor ressurreto (v.33-35, o discurso muda).<\/p>\n<p>&nbsp;<\/p>\n<p>Jesus est\u00e1 contigo, Ele te ouve. Ele sempre esteve ao teu lado, mesmo que voc\u00ea n\u00e3o o tenha reconhecido durante o angustiante percurso. A Palavra de Deus e a presen\u00e7a de Cristo querem te fortalecer e amparar ainda hoje, enquanto procuras seguir adiante.<\/p>\n<p><em>Am\u00e9m.<\/em><\/p>\n<p><strong>\u00a0<\/strong><\/p>\n<ol>\n<li>Danilo Kammers<\/li>\n<\/ol>\n<p>Pomerode \u2013 Santa Catarina \/ Brasil<\/p>\n<p>daniloammers@hotmail.com<\/p>\n","protected":false},"excerpt":{"rendered":"<p>Pr\u00e9dica para o 3\u00ba Domingo da Pascoa \u2013 26 de abril de 2020 |\u00a0Texto b\u00edblico: \u00a0Lucas 24. 13-35 | por Danilo Kramers | Talvez voc\u00ea j\u00e1 tenha ouvido o seguinte conselho: \u201ccabe\u00e7a erguida, a vida n\u00e3o pode parar\u201d. Em diferentes situa\u00e7\u00f5es da vida algu\u00e9m pode vir ao nosso encontro com este conselho aparentemente superficial. Na [&hellip;]<\/p>\n","protected":false},"author":1,"featured_media":1388,"comment_status":"closed","ping_status":"closed","sticky":false,"template":"","format":"standard","meta":{"footnotes":""},"categories":[38,157,108,335,319,3,112,109],"tags":[],"beitragende":[],"predigtform":[],"predigtreihe":[],"bibelstelle":[],"class_list":["post-2593","post","type-post","status-publish","format-standard","has-post-thumbnail","hentry","category-lukas","category-beitragende","category-current","category-danilo-kammers","category-kapitel-24-chapter-24","category-nt","category-port","category-predigten"],"_links":{"self":[{"href":"https:\/\/www.theologie.uzh.ch\/apps\/gpi\/wp-json\/wp\/v2\/posts\/2593","targetHints":{"allow":["GET"]}}],"collection":[{"href":"https:\/\/www.theologie.uzh.ch\/apps\/gpi\/wp-json\/wp\/v2\/posts"}],"about":[{"href":"https:\/\/www.theologie.uzh.ch\/apps\/gpi\/wp-json\/wp\/v2\/types\/post"}],"author":[{"embeddable":true,"href":"https:\/\/www.theologie.uzh.ch\/apps\/gpi\/wp-json\/wp\/v2\/users\/1"}],"replies":[{"embeddable":true,"href":"https:\/\/www.theologie.uzh.ch\/apps\/gpi\/wp-json\/wp\/v2\/comments?post=2593"}],"version-history":[{"count":1,"href":"https:\/\/www.theologie.uzh.ch\/apps\/gpi\/wp-json\/wp\/v2\/posts\/2593\/revisions"}],"predecessor-version":[{"id":2594,"href":"https:\/\/www.theologie.uzh.ch\/apps\/gpi\/wp-json\/wp\/v2\/posts\/2593\/revisions\/2594"}],"wp:featuredmedia":[{"embeddable":true,"href":"https:\/\/www.theologie.uzh.ch\/apps\/gpi\/wp-json\/wp\/v2\/media\/1388"}],"wp:attachment":[{"href":"https:\/\/www.theologie.uzh.ch\/apps\/gpi\/wp-json\/wp\/v2\/media?parent=2593"}],"wp:term":[{"taxonomy":"category","embeddable":true,"href":"https:\/\/www.theologie.uzh.ch\/apps\/gpi\/wp-json\/wp\/v2\/categories?post=2593"},{"taxonomy":"post_tag","embeddable":true,"href":"https:\/\/www.theologie.uzh.ch\/apps\/gpi\/wp-json\/wp\/v2\/tags?post=2593"},{"taxonomy":"beitragende","embeddable":true,"href":"https:\/\/www.theologie.uzh.ch\/apps\/gpi\/wp-json\/wp\/v2\/beitragende?post=2593"},{"taxonomy":"predigtform","embeddable":true,"href":"https:\/\/www.theologie.uzh.ch\/apps\/gpi\/wp-json\/wp\/v2\/predigtform?post=2593"},{"taxonomy":"predigtreihe","embeddable":true,"href":"https:\/\/www.theologie.uzh.ch\/apps\/gpi\/wp-json\/wp\/v2\/predigtreihe?post=2593"},{"taxonomy":"bibelstelle","embeddable":true,"href":"https:\/\/www.theologie.uzh.ch\/apps\/gpi\/wp-json\/wp\/v2\/bibelstelle?post=2593"}],"curies":[{"name":"wp","href":"https:\/\/api.w.org\/{rel}","templated":true}]}}