{"id":2852,"date":"2020-06-03T17:14:49","date_gmt":"2020-06-03T15:14:49","guid":{"rendered":"https:\/\/www.theologie.uzh.ch\/static\/wp\/?p=2852"},"modified":"2020-06-03T17:14:49","modified_gmt":"2020-06-03T15:14:49","slug":"trinidade","status":"publish","type":"post","link":"https:\/\/www.theologie.uzh.ch\/apps\/gpi\/trinidade\/","title":{"rendered":"Trinidade"},"content":{"rendered":"<p><span lang=\"PT-BR\">Pr\u00e9dica para o Domingo Trinidade &#8211; 7.6.2020 |\u00a0<\/span>2 Cor\u00edntios 13.11-13 | Werner Brunken |<\/p>\n<p><strong>\u00a0<\/strong><\/p>\n<p><strong>\u00a0\u00a0\u00a0\u00a0\u00a0 Querida Comunidade! Irm\u00e3os e Irm\u00e3s na f\u00e9!<\/strong> Com estas palavras carinhosas sa\u00fado todos que hoje est\u00e3o neste culto. Viemos aqui carregando nossas preocupa\u00e7\u00f5es, conflitos e sofrimentos neste tempo de COVID-19. O que esperamos deste culto para aliviar nossas d\u00favidas? Imaginemos se cada um fosse falar sobre sua vida neste culto, expressando suas dores, decep\u00e7\u00f5es e id\u00e9ias. Jamais ir\u00edamos chegar a um consenso, pois cada um defende sua maneira de pensar.<\/p>\n<p>No entanto, \u00e9 preciso dizer que n\u00e3o viemos at\u00e9 aqui para discutir e nos distanciar uns dos outros. Estamos aqui para ouvir o que nos une. E para que isto aconte\u00e7a o Domingo Trindade quer expressar Deus na sua plenitude \u2013 quer ajudar-nos quando o ap\u00f3stolo Paulo nos transmite o que n\u00e3o encontramos na sociedade: \u201cA gra\u00e7a do Senhor Jesus Cristo, o amor de Deus e a comunh\u00e3o do Esp\u00edrito Santo sejam com todos v\u00f3s\u201d. Esta sauda\u00e7\u00e3o faz parte da mensagem central da B\u00edblia e, por isso, a recebemos cada vez que nos reunimos em culto.<\/p>\n<p>Caso tiv\u00e9ssemos tempo para ler as Cartas do ap\u00f3stolo Paulo aos crist\u00e3os em Corinto, ir\u00edamos nos deparar com problemas, que poderiam destruir a comunh\u00e3o proporcionada pelo Esp\u00edrito Santo. Ou\u00e7amos uma das coloca\u00e7\u00f5es do ap\u00f3stolo na 1\u00aa Carta 3.11-13:\u201dPois a vosso respeito meus irm\u00e3os, fui informado, pelos da casa de Clo\u00e9, de que h\u00e1 contendas entre v\u00f3s. Refiro-me ao fato de cada um de v\u00f3s dizer: Eu sou de Paulo, e eu, de Apolo, e eu, de Cefas, e eu, de Cristo. Acaso Cristo est\u00e1 dividido? Foi Paulo crucificado em favor de v\u00f3s ou fostes, porventura, batizados em nome de Paulo\u201d? O ap\u00f3stolo n\u00e3o se esquivou de falar dos conflitos vividos pelas pessoas e grupos na igreja, mas acima de todos os problemas que cada um carregava, ele coloca Deus e lhes mostra que a partir Dele \u00e9 poss\u00edvel viver na igreja, nas fam\u00edlias e na sociedade sob a gra\u00e7a, o amor e a comunh\u00e3o.<\/p>\n<p>A partir desta constata\u00e7\u00e3o, iniciou sua 2\u00aa Carta agradecendo pelas b\u00ean\u00e7\u00e3os de Deus, enaltecendo-o. Assim lemos no cap.1.3-4:\u201dBendito seja o Deus e Pai de nosso Senhor Jesus Cristo, o Pai da miseric\u00f3rdia e Deus de toda consola\u00e7\u00e3o! \u00c9 ele que nos conforta em toda a nossa tribula\u00e7\u00e3o, para podermos consolar os que estiverem em qualquer ang\u00fastia, com a consola\u00e7\u00e3o com que n\u00f3s mesmos somos contemplados por Deus\u201d.<\/p>\n<p>Bendizendo este Deus da miseric\u00f3rdia e da consola\u00e7\u00e3o o ap\u00f3stolo lembra no final da carta:\u201dA gra\u00e7a de nosso Senhor Jesus Cristo, o amor de Deus e a comunh\u00e3o do<\/p>\n<p>&nbsp;<\/p>\n<p>&nbsp;<\/p>\n<p>Esp\u00edrito Santo sejam com todos v\u00f3s\u201d. Sinto nestas palavras a a\u00e7\u00e3o de Deus em benef\u00edcio de todos n\u00f3s. Tal a\u00e7\u00e3o do Deus Todo Poderoso agiu em n\u00f3s desde o Batismo. N\u00e3o t\u00ednhamos nada a oferecer ou dizer, mas somente a receber.<\/p>\n<p><u>\u00a0\u00a0\u00a0\u00a0 Deus agindo em sua gra\u00e7a \u2013 <\/u>Costumamos dizer \u201csomos agraciados por sua gra\u00e7a\u201d. Nesta gra\u00e7a est\u00e1 contida toda doa\u00e7\u00e3o de Deus a nosso favor em Jesus Cristo. Deus veio ao mundo. Deu sua vida para nos regatar de nossos pecados e nos salvar. Este gesto total por n\u00f3s teve seu pre\u00e7o, a morte de Jesus na cruz.<\/p>\n<p><u>Deus agindo em seu amor \u2013 <\/u>O evangelista Jo\u00e3o fala deste seu amor no cap.3.16:\u201dDe tal maneira Deus amou o mundo que deu o seu Filho Unig\u00eanito, para que todo que nele cr\u00ea n\u00e3o pere\u00e7a, mas tenha a vida eterna\u201d. Deus n\u00e3o s\u00f3 expressa seu amor por n\u00f3s, pois ele \u00e9 \u201camor\u201d como lemos em 1\u00aa Jo\u00e3o 4.14:\u201dDeus \u00e9 amor, e aquele que permanece no amor permanece em Deus, e Deus, nele\u201d. Este amor por n\u00f3s foi vivido por Jesus at\u00e9 sua morte na cruz e continuou ap\u00f3s sua ressurrei\u00e7\u00e3o. Ele tornou-se a ponte do amor, que nos liga com o Pai e entre n\u00f3s.<\/p>\n<p><u>Deus agindo em comunh\u00e3o<\/u> \u2013 Deus na sua gra\u00e7a e no seu amor mant\u00e9m comunh\u00e3o conosco atrav\u00e9s do Esp\u00edrito Santo. Experimentamos esta comunh\u00e3o quando nos reunimos para ler e meditar na sua Palavra; quando oramos; quando celebramos os Sacramentos Batismo e Ceia do Senhor; quando participamos dos of\u00edcios casamento e sepultamento. Vivemos esta comunh\u00e3o a partir do Esp\u00edrito Santo no meio dos conflitos e de nossas convic\u00e7\u00f5es. A comunh\u00e3o \u00e9 parte insepar\u00e1vel do plano de Deus conosco para esta vida e para a eternidade, \u201cquando Ele estar\u00e1 sempre conosco\u201d (Ap.21.3).<\/p>\n<p>Vivendo desta gra\u00e7a de Jesus, do amor do Pai e da comunh\u00e3o do Esp\u00edrito Santo, vivamos o que o ap\u00f3stolo Paulo escreve:\u201dQuanto ao mais, irm\u00e3os! Aperfei\u00e7oai-vos, sede do mesmo parecer, vivei em paz e o Deus do amor e da paz estar\u00e1 convosco\u201d.<\/p>\n<p>Queridos irm\u00e3o e irm\u00e3s na f\u00e9! Temos tudo para viver da gra\u00e7a, do amor e da comunh\u00e3o. Vivamos em paz uns com os outros, criando entre n\u00f3s esp\u00edrito de comunh\u00e3o e de solidariedade. Assim todos reconhecer\u00e3o que vivemos como filhos e filhas de Deus.<\/p>\n<p>&nbsp;<\/p>\n<p>&nbsp;<\/p>\n<p>P. em. Werner Brunken<\/p>\n<p>Brusque \u2013 Santa Catarina, Brasilien<\/p>\n<p><a href=\"mailto:brunkenwerner@yahoo.com.br\">brunkenwerner@yahoo.com.br<\/a><\/p>\n","protected":false},"excerpt":{"rendered":"<p>Pr\u00e9dica para o Domingo Trinidade &#8211; 7.6.2020 |\u00a02 Cor\u00edntios 13.11-13 | Werner Brunken | \u00a0 \u00a0\u00a0\u00a0\u00a0\u00a0 Querida Comunidade! Irm\u00e3os e Irm\u00e3s na f\u00e9! Com estas palavras carinhosas sa\u00fado todos que hoje est\u00e3o neste culto. Viemos aqui carregando nossas preocupa\u00e7\u00f5es, conflitos e sofrimentos neste tempo de COVID-19. O que esperamos deste culto para aliviar nossas d\u00favidas? [&hellip;]<\/p>\n","protected":false},"author":1,"featured_media":1370,"comment_status":"closed","ping_status":"closed","sticky":false,"template":"","format":"standard","meta":{"footnotes":""},"categories":[43,157,108,398,3,112,109,399],"tags":[],"beitragende":[],"predigtform":[],"predigtreihe":[],"bibelstelle":[],"class_list":["post-2852","post","type-post","status-publish","format-standard","has-post-thumbnail","hentry","category-2-korinther","category-beitragende","category-current","category-kapitel-13-chapter-13-2-korinther","category-nt","category-port","category-predigten","category-werner-brunken"],"_links":{"self":[{"href":"https:\/\/www.theologie.uzh.ch\/apps\/gpi\/wp-json\/wp\/v2\/posts\/2852","targetHints":{"allow":["GET"]}}],"collection":[{"href":"https:\/\/www.theologie.uzh.ch\/apps\/gpi\/wp-json\/wp\/v2\/posts"}],"about":[{"href":"https:\/\/www.theologie.uzh.ch\/apps\/gpi\/wp-json\/wp\/v2\/types\/post"}],"author":[{"embeddable":true,"href":"https:\/\/www.theologie.uzh.ch\/apps\/gpi\/wp-json\/wp\/v2\/users\/1"}],"replies":[{"embeddable":true,"href":"https:\/\/www.theologie.uzh.ch\/apps\/gpi\/wp-json\/wp\/v2\/comments?post=2852"}],"version-history":[{"count":1,"href":"https:\/\/www.theologie.uzh.ch\/apps\/gpi\/wp-json\/wp\/v2\/posts\/2852\/revisions"}],"predecessor-version":[{"id":2853,"href":"https:\/\/www.theologie.uzh.ch\/apps\/gpi\/wp-json\/wp\/v2\/posts\/2852\/revisions\/2853"}],"wp:featuredmedia":[{"embeddable":true,"href":"https:\/\/www.theologie.uzh.ch\/apps\/gpi\/wp-json\/wp\/v2\/media\/1370"}],"wp:attachment":[{"href":"https:\/\/www.theologie.uzh.ch\/apps\/gpi\/wp-json\/wp\/v2\/media?parent=2852"}],"wp:term":[{"taxonomy":"category","embeddable":true,"href":"https:\/\/www.theologie.uzh.ch\/apps\/gpi\/wp-json\/wp\/v2\/categories?post=2852"},{"taxonomy":"post_tag","embeddable":true,"href":"https:\/\/www.theologie.uzh.ch\/apps\/gpi\/wp-json\/wp\/v2\/tags?post=2852"},{"taxonomy":"beitragende","embeddable":true,"href":"https:\/\/www.theologie.uzh.ch\/apps\/gpi\/wp-json\/wp\/v2\/beitragende?post=2852"},{"taxonomy":"predigtform","embeddable":true,"href":"https:\/\/www.theologie.uzh.ch\/apps\/gpi\/wp-json\/wp\/v2\/predigtform?post=2852"},{"taxonomy":"predigtreihe","embeddable":true,"href":"https:\/\/www.theologie.uzh.ch\/apps\/gpi\/wp-json\/wp\/v2\/predigtreihe?post=2852"},{"taxonomy":"bibelstelle","embeddable":true,"href":"https:\/\/www.theologie.uzh.ch\/apps\/gpi\/wp-json\/wp\/v2\/bibelstelle?post=2852"}],"curies":[{"name":"wp","href":"https:\/\/api.w.org\/{rel}","templated":true}]}}