{"id":2881,"date":"2020-06-09T14:41:11","date_gmt":"2020-06-09T12:41:11","guid":{"rendered":"https:\/\/www.theologie.uzh.ch\/static\/wp\/?p=2881"},"modified":"2020-06-09T14:41:11","modified_gmt":"2020-06-09T12:41:11","slug":"anuncio-da-palavra-e","status":"publish","type":"post","link":"https:\/\/www.theologie.uzh.ch\/apps\/gpi\/anuncio-da-palavra-e\/","title":{"rendered":"An\u00fancio da Palavra e&#8230;"},"content":{"rendered":"<h3>An\u00fancio da Palavra e Exerc\u00edcio da Compaix\u00e3o &#8211;\u00a0Ess\u00eancia da Igreja! | <span lang=\"PT-BR\">2\u00ba Domingo ap\u00f3s Pentecostes &#8211; 14 de Junho de 2020 | Mateus 9.35 -10.8 | Werner Kiefer |<\/span><\/h3>\n<p>Pandemia: Fique em casa. As consequ\u00eancias desta situa\u00e7\u00e3o foram de isolamento social, cidades vazias, o ar ficou mais puro e a natureza bateu palmas. Enormes problemas na economia surgiram: desemprego, empobrecimento, consequ\u00eancias que carregaremos por um bom tempo.<\/p>\n<p>A COVID 19 criou uma nova din\u00e2mica familiar, pela proximidade cont\u00ednua no lar. Ao mesmo tempo, experienciamos a saudade em rela\u00e7\u00e3o aos colegas de trabalho, amigos, do abra\u00e7o que deveriam ser agora guardados; e muitos tiveram de sepultar seus entes queridos \u00a0dist\u00e2ncia. Os nossos rostos tamb\u00e9m se modificaram com o uso da m\u00e1scara. Perguntas surgiram: quem somos ainda diante de um v\u00edrus t\u00e3o min\u00fasculo, mas que teve o poder de parar o mundo?<\/p>\n<p>Acolhemos esta situa\u00e7\u00e3o, tendo como luz o evangelho deste domingo, que fala que Jesus andava pelos povoados. Anunciava a boa nova de que o Reino de Deus est\u00e1 perto. Este an\u00fancio acontece num mundo enfermo. O ser humano adoeceu, anda vagando sem destino, tal qual ovelhas sem pastor. N\u00e3o h\u00e1 uma voz em que possam confiar e reconhecer como guia. Muitas lideran\u00e7as n\u00e3o inspiram confian\u00e7a, antes promovem inseguran\u00e7a. O mal infectou a vida tal qual a COVID-19. Este n\u00e3o est\u00e1 no telhado de nossas casas, mas habita conosco, faz parte de um sistema que adoeceu o planeta. O ap\u00f3stolo Paulo vai dizer assim aos romanos e tamb\u00e9m a n\u00f3s, hoje: toda cria\u00e7\u00e3o sofre e geme dores insuport\u00e1veis.<\/p>\n<p>Jesus acolhe esta realidade e se compadece da sua cria\u00e7\u00e3o. A compaix\u00e3o \u00e9 compartilhada com os disc\u00edpulos que s\u00e3o chamados para supera\u00e7\u00e3o desta enfermidade. Estes recebem autoridade para expulsar os esp\u00edritos maus e curar as enfermidades. Existe um chamado, tarefa \u00e9 dada. A compaix\u00e3o ser\u00e1 atitude que nortear\u00e1 esta a\u00e7\u00e3o dos disc\u00edpulos. \u201cViver como Jesus viveu, pensar como Jesus pensou, sentir o que Jesus sentia&#8230;\u201d<\/p>\n<p>Aqueles que s\u00e3o chamados, s\u00e3o capacitados. Disc\u00edpulos permanecem numa quarentena na companhia do mestre. Tempo de observar a realidade que os cerca, bem como assimilar o chamado da miss\u00e3o, plano mission\u00e1rio de Deus.<\/p>\n<p>&nbsp;<\/p>\n<p>O Evangelho deste domingo ilumina a nossa realidade, traz a nossa presen\u00e7a o mundo tal qual ele se apresenta e, diante dele, Deus se revela numa a\u00e7\u00e3o de cuidado atrav\u00e9s de Jesus Cristo. Temos uma realidade que gera inseguran\u00e7a, pandemia com enormes consequ\u00eancias sociais, familiares e comunit\u00e1rias. H\u00e1 v\u00edrus, al\u00e9m da COVID-19, que precisa ser encarado: fanatismo pol\u00edtico e religioso, a discrimina\u00e7\u00e3o racial, \u00f3dio, negacionismo, s\u00e3o pr\u00e1ticas que fazem parte de plataformas na forma de pensar de muitas pessoas, lideran\u00e7as, inclusive.<\/p>\n<p>Deus tem prop\u00f3sitos. N\u00e3o deseja o mal, mas este \u00e9 consequ\u00eancia da irresponsabilidade humana. Mesmo assim, Deus n\u00e3o nos abandona e fala a todos n\u00f3s atrav\u00e9s deste tempo. Para tanto, Deus conta contigo, comigo, com a sua Igreja. Ele convoca a gente. Mesmo estando minado de compreens\u00f5es tortas, tomadas dos v\u00edrus deste mundo, o chamado de Deus prevalece. Veja s\u00f3 aquele punhado de gente, disc\u00edpulos, as bobagens que tinham na cabe\u00e7a, oportunistas. Certa vez os disc\u00edpulos perguntaram a Jesus: quem \u00e9 o mais importante entre n\u00f3s? \u00a0Jesus estava a s\u00f3s com Tiago e Jo\u00e3o. (Marcos 10. 35ss) Estes pediram a Jesus para que desse jeitinho para que ambos pudessem sentar um a direita e outro a sua esquerda na consuma\u00e7\u00e3o do Reino de Deus. \u00a0Jesus ficou muito zangado com esta dupla porque estavam adoecidos com o v\u00edrus que dava privil\u00e9gios \u00e0s pessoas atrav\u00e9s do jeitinho.<\/p>\n<p>N\u00f3s somos os disc\u00edpulos que Jesus chama e envia diante desta situa\u00e7\u00e3o infectada de v\u00edrus dos mais diversos. Para tanto, Jesus nos confia o que h\u00e1 de mais precioso no seu reino: Amor, Salva\u00e7\u00e3o, justifica\u00e7\u00e3o por gra\u00e7a e f\u00e9. Jesus se entrega por n\u00f3s para que sejamos curados, libertos atrav\u00e9s da sua morte e ressurrei\u00e7\u00e3o. Para tanto prevalece o amor de Jesus por n\u00f3s, mesmo que estejamos infectados deste v\u00edrus da ca\u00e7a a privil\u00e9gios. Jesus confia um convite para participar do seu reino. A a\u00e7\u00e3o do Esp\u00edrito Santo indicar\u00e1 caminho, tornar\u00e1 a f\u00e9 criativa para ir e viver a Palavra, num mundo diferente daquele que conhecemos at\u00e9 ent\u00e3o. Este \u00e9 o desafio: Chegou a hora que n\u00e3o podemos esmorecer em nosso testemunho. A f\u00e9 precisa ser ousada, apaixonante atrav\u00e9s do an\u00fancio da Palavra, cuja consequ\u00eancia se traduz com a marca da compaix\u00e3o.<\/p>\n<p>Veja, a ci\u00eancia est\u00e1 empenhada em seu papel de encontrar uma vacina para a COVI-19. Est\u00e3o pr\u00f3ximos a realizar esta fa\u00e7anha. Cientistas trabalham intensamente, est\u00e3o juntos nesta empreitada.<\/p>\n<p>Lideran\u00e7as que reconhecem a realidade da exist\u00eancia da corona v\u00edrus no mundo, v\u00eam se destacando pela serenidade com que enfrentam a pandemia. Lados opostos na pol\u00edtica, em muitos lugares, uniram-se a servi\u00e7o da vida. A compaix\u00e3o pela vida falou mais alto do que meramente a economia e a politicagem.<\/p>\n<p>Empresas e o com\u00e9rcio est\u00e3o se reorganizando, atentos e vendo possibilidades em meio \u00e0 crise. Muitas destas empresas se tornaram solid\u00e1rios com aux\u00edlios expressivos.<\/p>\n<p>Qual ser\u00e1 o recado, o empenho da Igreja diante deste cen\u00e1rio que nos faz tal qual ovelhas sem pastor?\u00a0 Jesus chama e d\u00e1 autoridade a sua Igreja para exercer o discipulado, para a cura da humanidade. Igreja, n\u00f3s, n\u00e3o podemos negligenciar aquilo que \u00e9 nosso: Prega\u00e7\u00e3o da Palavra e o exerc\u00edcio da Compaix\u00e3o. Tempo de acolher a realidade tal qual ela se apresenta sob a luz do Evangelho. O grande pecado, nestes tempos atuais \u00e9 ignorar a realidade, confundir com meias verdades. A f\u00e9 crist\u00e3 lida conosco a partir da realidade.<\/p>\n<p>A igreja conseguiu se reinventar ligeiramente no surgimento desta pandemia. Estabeleceu v\u00ednculos digitais com a membresia de forma muito eficaz e cont\u00ednua. Campanhas de solidariedade est\u00e3o sendo realizadas. <strong>A marca da igreja diante do chamado \u00e9 ratificar o anuncio da Palavra e o exerc\u00edcio da compaix\u00e3o.<\/strong> Pr\u00e1tica esta que vem desde o princ\u00edpio do surgimento da comunidade crist\u00e3. Assim, ela se tornou conhecida no mundo. A Prega\u00e7\u00e3o da Palavra e a pr\u00e1tica da Compaix\u00e3o s\u00e3o trilhos sobre os quais a Igreja, crist\u00e3os revelam ao mundo a sua autoridade recebida de Jesus Cristo. Certamente, podemos aqui destacar in\u00fameras iniciativas diaconais que revelam a compaix\u00e3o de Deus com este mundo. Nisto ratifica-se a voca\u00e7\u00e3o da Igreja, servir como Jesus nos tem servido.<\/p>\n<p>Lembro as palavras do Evangelho, onde Jesus diz que as pessoas est\u00e3o como ovelhas sem pastor. A Palavra precisa ser anunciada, contextualizada e aceita tamb\u00e9m a partir das novas ferramentas que o mundo nos oferece. Porque atrav\u00e9s deste anuncio dar-se-\u00e1 a nossa clareza, liberta\u00e7\u00e3o de v\u00edrus que podem nos ter infectados. H\u00e1 tantos fake News porque n\u00e3o existe rejei\u00e7\u00e3o \u00e0 mentira, antes, a engana\u00e7\u00e3o \u00e9 pr\u00e1tica com a qual nos acostumamos, compartilhamos com muita facilidade. \u00a0Atrav\u00e9s da mentira, muitas lideran\u00e7as, com grande poder no mundo, foram eleitas porque pessoas est\u00e3o como ovelhas sem pastor. A mentira nos torna prisioneiros, n\u00e3o cria liberdade. Veja o exemplo da borboleta. A larva n\u00e3o tem prop\u00f3sito de ser maior, mas ser borboleta, que a faz ser livre. Para tanto, liberta-se do casulo para n\u00e3o ficar rastejando por toda sua vida. A mentira nos faz rastejar, nega a realidade. A realidade \u00e9 transformada quando esta \u00e9 aceita, a nega\u00e7\u00e3o desta nos faz ser larva, evitam-se transforma\u00e7\u00f5es.<\/p>\n<p>A pr\u00e1tica das mentiras faz parte do poder deste mundo e com as quais estamos sendo infectados de tal forma que negligenciamos a realidade da pandemia, como se este tivesse partido, ideologia. As mentiras querem transformar borboletas em larvas, o que \u00e9 uma transgress\u00e3o \u00e0 cria\u00e7\u00e3o de Deus. A Palavra de Deus nos d\u00e1 autoridade para que seja proclamada e conceda discernimento, pois a f\u00e9 nos torna livres.<\/p>\n<p>Jesus envia a cada um(a), a sua comunidade, a n\u00f3s, para exercitar a compaix\u00e3o, seja auxiliar os famintos, consolo aos enfermos e enlutados. Focar-se na Palavra, na ora\u00e7\u00e3o, para que n\u00e3o sejamos larvas, mas borboleta, livre para se deliciar dos aromas da cria\u00e7\u00e3o de Deus. \u00a0Atrav\u00e9s desta Palavra, somos livres para a pr\u00e1tica da compaix\u00e3o.<\/p>\n<p>A quarentena \u00e9 a esta\u00e7\u00e3o na qual paramos, oportunidade para ser mos libertos de muitos v\u00edrus que nos infectaram nesta viagem pelo mundo. Esta seja a boa colheita que Deus possa realizar, atrav\u00e9s de n\u00f3s, em nosso meio, ver seus filhos e filhas livres para amar, respeitar, exercer compaix\u00e3o diante do sofrimento. Que possamos colher bons frutos para a vida na sa\u00edda desta quarentena. Deus nos ajude e oriente com o seu Esp\u00edrito. Am\u00e9m<\/p>\n<p>&nbsp;<\/p>\n<p>P. Werner Kiefer<\/p>\n<p>Porto Alegre \u2013 Rio Grande do Sul, Brasilien<\/p>\n<p><a href=\"mailto:pwkiefer@hotmail.com\">pwkiefer@hotmail.com<\/a><\/p>\n","protected":false},"excerpt":{"rendered":"<p>An\u00fancio da Palavra e Exerc\u00edcio da Compaix\u00e3o &#8211;\u00a0Ess\u00eancia da Igreja! | 2\u00ba Domingo ap\u00f3s Pentecostes &#8211; 14 de Junho de 2020 | Mateus 9.35 -10.8 | Werner Kiefer | Pandemia: Fique em casa. As consequ\u00eancias desta situa\u00e7\u00e3o foram de isolamento social, cidades vazias, o ar ficou mais puro e a natureza bateu palmas. Enormes problemas [&hellip;]<\/p>\n","protected":false},"author":1,"featured_media":1371,"comment_status":"closed","ping_status":"closed","sticky":false,"template":"","format":"standard","meta":{"footnotes":""},"categories":[36,157,108,193,3,112,109,401],"tags":[],"beitragende":[],"predigtform":[],"predigtreihe":[],"bibelstelle":[],"class_list":["post-2881","post","type-post","status-publish","format-standard","has-post-thumbnail","hentry","category-matthaeus","category-beitragende","category-current","category-kapitel-9-chapter-9-matthaeus","category-nt","category-port","category-predigten","category-werner-kiefer"],"_links":{"self":[{"href":"https:\/\/www.theologie.uzh.ch\/apps\/gpi\/wp-json\/wp\/v2\/posts\/2881","targetHints":{"allow":["GET"]}}],"collection":[{"href":"https:\/\/www.theologie.uzh.ch\/apps\/gpi\/wp-json\/wp\/v2\/posts"}],"about":[{"href":"https:\/\/www.theologie.uzh.ch\/apps\/gpi\/wp-json\/wp\/v2\/types\/post"}],"author":[{"embeddable":true,"href":"https:\/\/www.theologie.uzh.ch\/apps\/gpi\/wp-json\/wp\/v2\/users\/1"}],"replies":[{"embeddable":true,"href":"https:\/\/www.theologie.uzh.ch\/apps\/gpi\/wp-json\/wp\/v2\/comments?post=2881"}],"version-history":[{"count":1,"href":"https:\/\/www.theologie.uzh.ch\/apps\/gpi\/wp-json\/wp\/v2\/posts\/2881\/revisions"}],"predecessor-version":[{"id":2882,"href":"https:\/\/www.theologie.uzh.ch\/apps\/gpi\/wp-json\/wp\/v2\/posts\/2881\/revisions\/2882"}],"wp:featuredmedia":[{"embeddable":true,"href":"https:\/\/www.theologie.uzh.ch\/apps\/gpi\/wp-json\/wp\/v2\/media\/1371"}],"wp:attachment":[{"href":"https:\/\/www.theologie.uzh.ch\/apps\/gpi\/wp-json\/wp\/v2\/media?parent=2881"}],"wp:term":[{"taxonomy":"category","embeddable":true,"href":"https:\/\/www.theologie.uzh.ch\/apps\/gpi\/wp-json\/wp\/v2\/categories?post=2881"},{"taxonomy":"post_tag","embeddable":true,"href":"https:\/\/www.theologie.uzh.ch\/apps\/gpi\/wp-json\/wp\/v2\/tags?post=2881"},{"taxonomy":"beitragende","embeddable":true,"href":"https:\/\/www.theologie.uzh.ch\/apps\/gpi\/wp-json\/wp\/v2\/beitragende?post=2881"},{"taxonomy":"predigtform","embeddable":true,"href":"https:\/\/www.theologie.uzh.ch\/apps\/gpi\/wp-json\/wp\/v2\/predigtform?post=2881"},{"taxonomy":"predigtreihe","embeddable":true,"href":"https:\/\/www.theologie.uzh.ch\/apps\/gpi\/wp-json\/wp\/v2\/predigtreihe?post=2881"},{"taxonomy":"bibelstelle","embeddable":true,"href":"https:\/\/www.theologie.uzh.ch\/apps\/gpi\/wp-json\/wp\/v2\/bibelstelle?post=2881"}],"curies":[{"name":"wp","href":"https:\/\/api.w.org\/{rel}","templated":true}]}}