{"id":3121,"date":"2020-08-05T13:35:00","date_gmt":"2020-08-05T11:35:00","guid":{"rendered":"https:\/\/www.theologie.uzh.ch\/static\/wp\/?p=3121"},"modified":"2020-08-05T15:35:51","modified_gmt":"2020-08-05T13:35:51","slug":"lo-que-dios-ve","status":"publish","type":"post","link":"https:\/\/www.theologie.uzh.ch\/apps\/gpi\/lo-que-dios-ve\/","title":{"rendered":"Lo que Dios ve"},"content":{"rendered":"<h3>9\u00b0 Domingo despu\u00e9s de Pentecost\u00e9s &#8211; 2.8.2020 | Juan 9,1-7 | Jorge Weishein |<\/h3>\n<p>&nbsp;<\/p>\n<p>Estimadas hermanas,<\/p>\n<p>Estimados hermanos,<\/p>\n<p><em>que el esp\u00edritu de Dios nos abra los ojos para ver y entender su mensaje de vida nueva en medio nuestro. Am\u00e9n<\/em><\/p>\n<p>&nbsp;<\/p>\n<p>Este texto, en lo personal, me significa un desaf\u00edo enorme. Creo que b\u00e1sicamente se debe a implicancias de \u00edndole personal y familiar que han arrasado buena parte de mi vida tanto familiar como laboral. La salud de una persona de la familia condiciona todo.<\/p>\n<p>&nbsp;<\/p>\n<p>Cuando este problema de salud es \u201cdesde el nacimiento\u201d son tantas las situaciones y momentos que se viven que dif\u00edcilmente resulte perceptible para quien lee esta historia b\u00edblica lo que significa esa sola expresi\u00f3n \u201cde nacimiento\u201d. Desde el impacto del diagn\u00f3stico en la familia (angustia, una aguja clavada en la carne) hasta todos los cambios de h\u00e1bitos, la reorganizaci\u00f3n familiar y las renuncias, que una y otra vez, son necesarias para adaptarse a esa nueva realidad. En estos casos, resulta sumamente necesario una pastoral evang\u00e9lica emp\u00e1tica, que escuche, que acompa\u00f1e, que sostenga de forma solidaria. Escuch\u00e9 tantas veces, \u201cbueno, pero ya est\u00e1 mejor, ya se va a curar, mir\u00e1 c\u00f3mo avanza la ciencia, no te preocupes, Dios sabe lo que hace\u2026\u201d La verdad no se ni lo que hace la ciencia ni lo que hace Dios, y tampoco s\u00e9 si saberlo me resuelve alguna pregunta\u2026<\/p>\n<p>&nbsp;<\/p>\n<p>Ninguna de estas frases me convence de nada porque el problema no es si creo o no si la ciencia o Dios lo pueden resolver. Esos aspectos m\u00e9dicos siempre tan provisorios del d\u00eda a d\u00eda, con sus estabilidades e inestabilidades, sus progresiones y regresiones, sus aciertos y sus errores, permiten aprender con toda la incertidumbre que esto significa, la enorme vulnerabilidad y precariedad de la vida humana. Nada m\u00e1s cierto que la imagen b\u00edblica de la flor que florece a la ma\u00f1ana y se marchita a la noche. Esto que digo, yo s\u00e9 que no est\u00e1 de moda. La tendencia cultural es negar esta realidad. La gente siempre quiere ser positiva, y admitir que la vida es fr\u00e1gil no es positivo en nuestra cultura. Pido disculpas, a quien se pueda sentir afectado por estas palabras. Este texto me toca de manera demasiado profunda y personal.<\/p>\n<p>&nbsp;<\/p>\n<p>En mi humilde intento de comprensi\u00f3n de la reflexi\u00f3n de Jes\u00fas con sus disc\u00edpulos entiendo esto: la vida es tan fr\u00e1gil que no es viable ni factible sin la manifestaci\u00f3n permanente de la gloria de Dios en medio nuestro. En el caso de una enfermedad esto es tan evidente que cada peque\u00f1a certeza es un grito de alegr\u00eda y de l\u00e1grimas de emoci\u00f3n en los ojos. En estos casos en los que reina de por vida la incertidumbre, nunca se vuelve tan cierto aquel refr\u00e1n que dice: un d\u00eda cada d\u00eda, paso a paso, \u201ccada d\u00eda trae su propio af\u00e1n\u201d. Esto es tremendamente inc\u00f3modo, por todo lo que genera alrededor de las personas afectadas. Resulta dif\u00edcil proyectarse hacia el futuro y tomar decisiones, sobre todo, importantes. A\u00fan m\u00e1s en una cultura que exige objetivos, proyectos, resultados. A esto se suma la competencia, que nunca falta, desde la envidia de quienes consideran que su situaci\u00f3n es mucho m\u00e1s grave y amerita mayor atenci\u00f3n, hasta la insensibilidad de quienes no tienen la m\u00e1s m\u00ednima consideraci\u00f3n de nada y no le interesa saber m\u00e1s nada, nada m\u00e1s que de s\u00ed mismos. La situaci\u00f3n de vulnerabilidad en la que se vive en estos casos hace sumamente dif\u00edcil manejar, adem\u00e1s de la situaci\u00f3n suficientemente compleja que se vive cada d\u00eda, todas las miserias humanas que se generan en el entorno, entre familiares y amigos.<\/p>\n<p>&nbsp;<\/p>\n<p>Los disc\u00edpulos se hacen una pregunta que no deja de resonar a\u00fan en el coraz\u00f3n de la persona m\u00e1s creyente: \u201c\u00bfde qui\u00e9n es la culpa?\u201d Es una manera de tratar de explicar por qu\u00e9 pasa esto, es un intento de darle una explicaci\u00f3n, es una b\u00fasqueda de poder racionalizar la misma existencia humana, es un intento de poner en duda que esto pueda pasar y que esto pueda incidir en las decisiones de una persona gran parte de su vida. He atravesado esa pregunta infinidad de veces. He pasado d\u00edas y meses tratando de entender la enfermedad, c\u00f3mo funciona, cu\u00e1les son las proyecciones y probabilidades buscando alguna respuesta, alguna certidumbre, alguna verdad. Nunca encontr\u00e9 las preguntas para esas respuestas.<\/p>\n<p>&nbsp;<\/p>\n<p>Las ofertas de cura m\u00e1s variadas aparecen de forma permanente, m\u00e1s en culturas donde la religiosidad popular est\u00e1 tan ligada a la salud y donde los sistemas de salud son tan precarios como en nuestros pa\u00edses. La mayor\u00eda de la poblaci\u00f3n sabe y siente que es un poco y poco, un poco de ciencia y otro poco de todo lo que pueda aportar la persona enferma y su familia. Todos tenemos nuestro \u201cestanque de Silo\u00e9\u201d donde vamos a lavar nuestras culpas y miedos, nuestras impurezas y heridas, aunque sea por las dudas. En algunos casos, hasta la propia charla pastoral y la oraci\u00f3n en la iglesia funcionan como un aliciente para seguir manteniendo esperanzas de soluciones que s\u00f3lo Dios sabe si son viables y posibles. \u00a1Cu\u00e1ntas veces dejamos escupirnos y embarrarnos los ojos con las promesas m\u00e1s incre\u00edbles! \u00a1Cu\u00e1ntas veces vamos hasta los lugares m\u00e1s rec\u00f3nditos en busca de las respuestas m\u00e1s ins\u00f3litas!<\/p>\n<p>&nbsp;<\/p>\n<p>Esta situaci\u00f3n pone a la persona ante la realidad de sus propios l\u00edmites. Dios es interpelado desde la bronca, el miedo, la confianza, la esperanza. Todo junto, de a ratos, como sale y se puede. La obra de Dios es una esperanza permanente, a veces m\u00e1s evidente, a veces apenas perceptible. En muchos casos, es motivo de oraci\u00f3n, de compasi\u00f3n, de piedad, de comprensi\u00f3n, de solidaridad, de afecto, de empat\u00eda, \u2026 En otros casos, es motivo de desesperaci\u00f3n, de confrontaci\u00f3n, de aislamiento, de silencio, de negociaciones incre\u00edbles con Dios mismo. El libro de Job es un gran manual de estas luchas.<\/p>\n<p>&nbsp;<\/p>\n<p>La vida est\u00e1 en manos de Dios. La vida nos trasciende completamente, la muerte a\u00fan mucho m\u00e1s. La obra de Dios se hace evidente en la fragilidad, as\u00ed como la luz m\u00e1s peque\u00f1a se percibe en la noche m\u00e1s oscura.<\/p>\n<p>&nbsp;<\/p>\n<p>En cada una de estas situaciones es posible que quien no ve m\u00e1s all\u00e1 de s\u00ed mismo no perciba todo lo que pasa a su alrededor, sin embargo, la vida se moviliza desde distintos sectores y con diferentes motivaciones todo el tiempo. Todo esto hace posible transitar esa precariedad sin perecer en el intento. La fragilidad se sostiene hasta que la vida gana fuerza ante la muerte. La obra de Dios se percibe a los ojos de la fe pero esos ojos est\u00e1n tantas veces llenos de l\u00e1grimas y mirando al suelo que no pueden ver la luz del d\u00eda y cu\u00e1ntas personas, sentimientos, oraciones, cuidados, medicamentos, tratamientos, est\u00e1n sosteniendo esa condici\u00f3n de la existencia humana, ahora tan desnuda, hasta que la propia persona pueda vestirse nuevamente de normalidad y esconder y tapar lo que a los ojos de Dios es evidente y claro como la luz del d\u00eda. \u00a1En medio de muchos miedos tambi\u00e9n he sido testigo de la solidaridad y el cari\u00f1o de mucha gente! \u00a1Cu\u00e1nta misericordia ha derramado Dios en nuestras vidas a\u00fan cuando la muerte parec\u00eda tener la \u00faltima palabra! Estos actos de fe \u2013 en muchos casos de personas absolutamente ajenas a nuestras vidas \u2013 nos permitieron una y otra vez seguir adelante, seguir buscando, seguir luchando, confiar en que realmente no estamos solos.<\/p>\n<p>&nbsp;<\/p>\n<p>Cada situaci\u00f3n de dolor y enfermedad no son sino se\u00f1ales o fisuras a trav\u00e9s de las cuales se filtran de pronto lo que siempre hemos sido debajo de la corteza del orgullo, de la autocomplacencia, de los propios deseos, los propios proyectos de vida, todo eso que se cae de un d\u00eda para el otro cuando nos enfrentamos a la realidad m\u00e1s dura. Cada una de estas situaciones no son sino una nueva oportunidad para renovar una vez m\u00e1s nuestras esperanzas, nuestra relaci\u00f3n con la fuente de la vida, para calibrar la mirada y afinar la escucha de la palabra de Dios. \u00a1El reino de Dios est\u00e1 presente en medio nuestro!<\/p>\n<p>&nbsp;<\/p>\n<p>Estimadas hermanas y estimados hermanos, el evangelio de Jesucristo nos convoca una vez m\u00e1s a ser testigos de su gloria en el mundo, en medio de nuestro pueblo, nuestras comunidades, a ver lo que Dios ve con sus ojos, para ver a los ojos de la fe, para ir al encuentro de cuanta persona est\u00e1 enfrentando su condici\u00f3n humana existencial de la forma m\u00e1s cruda, para ser all\u00ed testigas y testigos de la gloria de Dios, acompa\u00f1ando, escuchando, sosteniendo, colaborando, para que esta comuni\u00f3n sea motivo de confianza, para que al ver el bien que hacemos, la cultura de este mundo deje de tapar y negar, y crea, para revestirse de Cristo.<\/p>\n<p>&nbsp;<\/p>\n<p>Que as\u00ed sea, am\u00e9n.<\/p>\n<p>&nbsp;<\/p>\n<p><strong>Pr. Jorge Weishein<\/strong><\/p>\n<p><strong>Fundaci\u00f3n Protestante Hora de Obrar \/ IERP<\/strong><\/p>\n<p><strong>jorge.weishein@horadeobrar.org.ar<\/strong><\/p>\n","protected":false},"excerpt":{"rendered":"<p>9\u00b0 Domingo despu\u00e9s de Pentecost\u00e9s &#8211; 2.8.2020 | Juan 9,1-7 | Jorge Weishein | &nbsp; Estimadas hermanas, Estimados hermanos, que el esp\u00edritu de Dios nos abra los ojos para ver y entender su mensaje de vida nueva en medio nuestro. Am\u00e9n &nbsp; Este texto, en lo personal, me significa un desaf\u00edo enorme. Creo que b\u00e1sicamente [&hellip;]<\/p>\n","protected":false},"author":1,"featured_media":1368,"comment_status":"closed","ping_status":"closed","sticky":false,"template":"","format":"standard","meta":{"footnotes":""},"categories":[39,157,108,113,214,248,3,109],"tags":[],"beitragende":[],"predigtform":[],"predigtreihe":[],"bibelstelle":[],"class_list":["post-3121","post","type-post","status-publish","format-standard","has-post-thumbnail","hentry","category-johannes","category-beitragende","category-current","category-espa","category-jorge-weishein","category-kapitel-09-chapter-09-johannes","category-nt","category-predigten"],"_links":{"self":[{"href":"https:\/\/www.theologie.uzh.ch\/apps\/gpi\/wp-json\/wp\/v2\/posts\/3121","targetHints":{"allow":["GET"]}}],"collection":[{"href":"https:\/\/www.theologie.uzh.ch\/apps\/gpi\/wp-json\/wp\/v2\/posts"}],"about":[{"href":"https:\/\/www.theologie.uzh.ch\/apps\/gpi\/wp-json\/wp\/v2\/types\/post"}],"author":[{"embeddable":true,"href":"https:\/\/www.theologie.uzh.ch\/apps\/gpi\/wp-json\/wp\/v2\/users\/1"}],"replies":[{"embeddable":true,"href":"https:\/\/www.theologie.uzh.ch\/apps\/gpi\/wp-json\/wp\/v2\/comments?post=3121"}],"version-history":[{"count":1,"href":"https:\/\/www.theologie.uzh.ch\/apps\/gpi\/wp-json\/wp\/v2\/posts\/3121\/revisions"}],"predecessor-version":[{"id":3122,"href":"https:\/\/www.theologie.uzh.ch\/apps\/gpi\/wp-json\/wp\/v2\/posts\/3121\/revisions\/3122"}],"wp:featuredmedia":[{"embeddable":true,"href":"https:\/\/www.theologie.uzh.ch\/apps\/gpi\/wp-json\/wp\/v2\/media\/1368"}],"wp:attachment":[{"href":"https:\/\/www.theologie.uzh.ch\/apps\/gpi\/wp-json\/wp\/v2\/media?parent=3121"}],"wp:term":[{"taxonomy":"category","embeddable":true,"href":"https:\/\/www.theologie.uzh.ch\/apps\/gpi\/wp-json\/wp\/v2\/categories?post=3121"},{"taxonomy":"post_tag","embeddable":true,"href":"https:\/\/www.theologie.uzh.ch\/apps\/gpi\/wp-json\/wp\/v2\/tags?post=3121"},{"taxonomy":"beitragende","embeddable":true,"href":"https:\/\/www.theologie.uzh.ch\/apps\/gpi\/wp-json\/wp\/v2\/beitragende?post=3121"},{"taxonomy":"predigtform","embeddable":true,"href":"https:\/\/www.theologie.uzh.ch\/apps\/gpi\/wp-json\/wp\/v2\/predigtform?post=3121"},{"taxonomy":"predigtreihe","embeddable":true,"href":"https:\/\/www.theologie.uzh.ch\/apps\/gpi\/wp-json\/wp\/v2\/predigtreihe?post=3121"},{"taxonomy":"bibelstelle","embeddable":true,"href":"https:\/\/www.theologie.uzh.ch\/apps\/gpi\/wp-json\/wp\/v2\/bibelstelle?post=3121"}],"curies":[{"name":"wp","href":"https:\/\/api.w.org\/{rel}","templated":true}]}}