{"id":3488,"date":"2020-10-05T16:55:27","date_gmt":"2020-10-05T14:55:27","guid":{"rendered":"https:\/\/www.theologie.uzh.ch\/static\/wp\/?p=3488"},"modified":"2020-10-05T16:56:43","modified_gmt":"2020-10-05T14:56:43","slug":"om-det-sande-vintrae","status":"publish","type":"post","link":"https:\/\/www.theologie.uzh.ch\/apps\/gpi\/om-det-sande-vintrae\/","title":{"rendered":"Om det sande vintr\u00e6"},"content":{"rendered":"<p><strong>18. s\u00f8ndag efter trinitatis | Johannes 15,1-11 | af Elof Westergaard|<\/strong><\/p>\n<p>&nbsp;<\/p>\n<p>&nbsp;<\/p>\n<p><em>Jeg er det sande vintr\u00e6, og min fader er ving\u00e5rdsmanden<\/em>. S\u00e5dan siger Jesus if\u00f8lge evangelisten Johannes.<\/p>\n<p>&nbsp;<\/p>\n<p>Billedet af vintr\u00e6 og ving\u00e5rdsmand bruger Jesus til at sige, hvordan han og Gud h\u00f8rer sammen. Og samtidigt ved, at han senere tilf\u00f8jer, at vi er grenene p\u00e5 det tr\u00e6, han er, f\u00e5r Jesus understreget, hvordan han og vi h\u00f8rer sammen.<\/p>\n<p>&nbsp;<\/p>\n<p>Ja, vi er faktisk fundamentalt afh\u00e6ngige af ham ligesom grene i \u00f8vrigt er det af det tr\u00e6, de er grene p\u00e5. Og samtidig ogs\u00e5 afh\u00e6ngige af, at der er en ving\u00e5rdsmand, som plejer og passer vintr\u00e6et og ser til dets grene.<\/p>\n<p>&nbsp;<\/p>\n<p>Ving\u00e5rdsmand, vintr\u00e6 med grene er s\u00e5ledes et billede p\u00e5 den store sammenh\u00e6ng, vi indg\u00e5r med Gud og med hinanden.<\/p>\n<p>Billedet af ving\u00e5rdsmand, vintr\u00e6 og grene fort\u00e6ller om en relation og en afh\u00e6ngighed. Det er et samlende billede p\u00e5 relationen og forbindelsen mellem Gud og menneske, et billede p\u00e5 Guds omsorg og hans rensende og forsonende kraft.<\/p>\n<p>&nbsp;<\/p>\n<p>\u00a4<\/p>\n<p>N\u00e5r nu billedet egentlig er s\u00e5 enkelt og klart, hvorfor siger Jesus s\u00e5 om sig selv, at han er det sande vintr\u00e6? Ordet sand, det gr\u00e6ske ord: aletheia\u201d, hvad skal det egentlig i denne sammenh\u00e6ng? Er det n\u00f8dvendigt?<\/p>\n<p>&nbsp;<\/p>\n<p>Sproglig set, vil jeg sige nej. Det forekommer umiddelbart at v\u00e6re et overfl\u00f8digt ord, som ikke helt passer til sammenh\u00e6ngen. Vi taler jo ikke om et sandt eller falsk tr\u00e6. Et tr\u00e6 er et tr\u00e6, og det giver bedre mening at tale om dets h\u00f8jde og v\u00e6kst, dets art og udseende, ikke om hvorvidt det er sandt.<\/p>\n<p>&nbsp;<\/p>\n<p>Men der m\u00e5ske alligevel en grund til, at Jesus taler om sig selv som det sande vintr\u00e6. Forst\u00e5et s\u00e5dan, at eftersom grene n\u00e6res af tr\u00e6et, s\u00e5 er det ikke lige meget, hvilket tr\u00e6, det er. Ordet sand kan betyde rigtig, \u00e6gte, p\u00e5lidelig og udtrykker m\u00e5ske egentlig i sin grundbetydning, at det har virkelighed og findes. At noget er sandt indeb\u00e6rer, at det ikke bare forsvinder og bliver usynlig. Det, som er sandt, har virkeligheds karakter.<\/p>\n<p>&nbsp;<\/p>\n<p>Og Gud er virkelig, selv om vi ikke kan f\u00e5 greb om. Jesus er virkelig, f\u00f8dtes p\u00e5 jord, gik omkring og forkyndte Guds riges n\u00e6rhed. Og vi er virkelige, s\u00e5dan som grene p\u00e5 et tr\u00e6.<\/p>\n<p>&nbsp;<\/p>\n<p>Vi kan blive sk\u00e5ret af eller kn\u00e6kkes, falde til jorden og ligge s\u00e5 underligt alene tilbage mellem efter\u00e5rets blade, men vi er med Jesu ord stadigv\u00e6k grene p\u00e5 det tr\u00e6, det vintr\u00e6, som han er. Og ved at han er det sande vintr\u00e6, siger han til os, at det, han bringer til os, rodf\u00e6ster os ikke blot i jorden men ogs\u00e5 i himlen. Vi er Guds b\u00f8rn, fordi han er det sande vintr\u00e6.<\/p>\n<p>Lev i det h\u00e5b.<\/p>\n<p>M\u00e5 vi n\u00e6res af saften fra det sande vintr\u00e6.<\/p>\n<p>I Jesu navn \u2013 det ske!<\/p>\n<p>Amen<\/p>\n<p>&nbsp;<\/p>\n<p>Biskop Elof Westergaard<\/p>\n<p>DK 6760 Ribe<\/p>\n<p>eve(at)km.dk<\/p>\n<p>&nbsp;<\/p>\n","protected":false},"excerpt":{"rendered":"<p>18. s\u00f8ndag efter trinitatis | Johannes 15,1-11 | af Elof Westergaard| &nbsp; &nbsp; Jeg er det sande vintr\u00e6, og min fader er ving\u00e5rdsmanden. S\u00e5dan siger Jesus if\u00f8lge evangelisten Johannes. &nbsp; Billedet af vintr\u00e6 og ving\u00e5rdsmand bruger Jesus til at sige, hvordan han og Gud h\u00f8rer sammen. Og samtidigt ved, at han senere tilf\u00f8jer, at vi [&hellip;]<\/p>\n","protected":false},"author":1,"featured_media":3078,"comment_status":"closed","ping_status":"closed","sticky":false,"template":"","format":"standard","meta":{"footnotes":""},"categories":[39,157,108,111,175,347,3,109],"tags":[],"beitragende":[],"predigtform":[],"predigtreihe":[],"bibelstelle":[],"class_list":["post-3488","post","type-post","status-publish","format-standard","has-post-thumbnail","hentry","category-johannes","category-beitragende","category-current","category-dansk","category-elof-westergaard","category-kapitel-15-chapter-15-johannes","category-nt","category-predigten"],"_links":{"self":[{"href":"https:\/\/www.theologie.uzh.ch\/apps\/gpi\/wp-json\/wp\/v2\/posts\/3488","targetHints":{"allow":["GET"]}}],"collection":[{"href":"https:\/\/www.theologie.uzh.ch\/apps\/gpi\/wp-json\/wp\/v2\/posts"}],"about":[{"href":"https:\/\/www.theologie.uzh.ch\/apps\/gpi\/wp-json\/wp\/v2\/types\/post"}],"author":[{"embeddable":true,"href":"https:\/\/www.theologie.uzh.ch\/apps\/gpi\/wp-json\/wp\/v2\/users\/1"}],"replies":[{"embeddable":true,"href":"https:\/\/www.theologie.uzh.ch\/apps\/gpi\/wp-json\/wp\/v2\/comments?post=3488"}],"version-history":[{"count":1,"href":"https:\/\/www.theologie.uzh.ch\/apps\/gpi\/wp-json\/wp\/v2\/posts\/3488\/revisions"}],"predecessor-version":[{"id":3489,"href":"https:\/\/www.theologie.uzh.ch\/apps\/gpi\/wp-json\/wp\/v2\/posts\/3488\/revisions\/3489"}],"wp:featuredmedia":[{"embeddable":true,"href":"https:\/\/www.theologie.uzh.ch\/apps\/gpi\/wp-json\/wp\/v2\/media\/3078"}],"wp:attachment":[{"href":"https:\/\/www.theologie.uzh.ch\/apps\/gpi\/wp-json\/wp\/v2\/media?parent=3488"}],"wp:term":[{"taxonomy":"category","embeddable":true,"href":"https:\/\/www.theologie.uzh.ch\/apps\/gpi\/wp-json\/wp\/v2\/categories?post=3488"},{"taxonomy":"post_tag","embeddable":true,"href":"https:\/\/www.theologie.uzh.ch\/apps\/gpi\/wp-json\/wp\/v2\/tags?post=3488"},{"taxonomy":"beitragende","embeddable":true,"href":"https:\/\/www.theologie.uzh.ch\/apps\/gpi\/wp-json\/wp\/v2\/beitragende?post=3488"},{"taxonomy":"predigtform","embeddable":true,"href":"https:\/\/www.theologie.uzh.ch\/apps\/gpi\/wp-json\/wp\/v2\/predigtform?post=3488"},{"taxonomy":"predigtreihe","embeddable":true,"href":"https:\/\/www.theologie.uzh.ch\/apps\/gpi\/wp-json\/wp\/v2\/predigtreihe?post=3488"},{"taxonomy":"bibelstelle","embeddable":true,"href":"https:\/\/www.theologie.uzh.ch\/apps\/gpi\/wp-json\/wp\/v2\/bibelstelle?post=3488"}],"curies":[{"name":"wp","href":"https:\/\/api.w.org\/{rel}","templated":true}]}}