{"id":3610,"date":"2020-11-04T18:16:21","date_gmt":"2020-11-04T17:16:21","guid":{"rendered":"https:\/\/www.theologie.uzh.ch\/static\/wp\/?p=3610"},"modified":"2020-11-04T18:18:24","modified_gmt":"2020-11-04T17:18:24","slug":"vida-y-muerte-dones-de-dios-1-tesalonicenses-413-18","status":"publish","type":"post","link":"https:\/\/www.theologie.uzh.ch\/apps\/gpi\/vida-y-muerte-dones-de-dios-1-tesalonicenses-413-18\/","title":{"rendered":"Vida y muerte: &#8230;"},"content":{"rendered":"<p><strong>Vida y muerte: dones de Dios &#8211; 1 Tesalonicenses 4,13-18\u00a0\u00a0\u00a0\u00a0\u00a0\u00a0\u00a0\u00a0\u00a0\u00a0\u00a0\u00a0\u00a0\u00a0\u00a0\u00a0\u00a0\u00a0\u00a0\u00a0\u00a0\u00a0\u00a0\u00a0\u00a0\u00a0\u00a0\u00a0\u00a0\u00a0\u00a0\u00a0\u00a0\u00a0\u00a0\u00a0\u00a0\u00a0\u00a0\u00a0\u00a0 <\/strong><strong>\u00a0<\/strong><\/p>\n<p>Los textos propuestos para esta \u00e9poca del a\u00f1o nos invitan a estar preparados. Casi todos hacen alusi\u00f3n a la segunda venida de Cristo. Un tema que, seg\u00fan la corriente teol\u00f3gica, le damos mayor o menor importancia.<\/p>\n<p>Sin embargo es un tema siempre vigente. Siempre actual.<\/p>\n<p>Independientemente si la muerte nos llega antes que la parus\u00eda, como cristianos\/as debemos estar siempre vigilantes, en vela, despiertos, atentos.<\/p>\n<p>El texto propuesto para hoy est\u00e1 lleno de esperanza. Concluye Pablo diciendo \u201can\u00edmense los unos a los otros con estas palabras\u201d. Ser\u00eda decir (en griego) lo mismo que consu\u00e9lense.<\/p>\n<p>Pablo hab\u00eda hablado de la pronta venida de Cristo y ellos (los tesalonicenses) esperaban estar vivos para cuando esto sucediera.<\/p>\n<p>Pero parece que algunos cristianos de la comunidad estaban preocupados por sus seres queridos ya muertos, pensando que \u00e9stos no iban a participar de los beneficios de la segunda venida de Cristo.<\/p>\n<p>De all\u00ed que nuestro texto sea una respuesta tratando de alentarlos y asegur\u00e1ndoles que \u201ctanto en la vida como en la muerte del Se\u00f1or somos\u201d.<\/p>\n<p>Por lo tanto no hay raz\u00f3n para la tristeza. Eso es algo propio de los que no creen, de los que no tienen esperanza, de los que piensan que todo termina con la muerte.<\/p>\n<p>Dec\u00edamos que el ap\u00f3stol Pablo quiere animarlos \u201cno queremos que se queden sin saber lo que pasa con los muertos\u2026\u201d \u00bfAcaso Pablo o sabe? \u00bfLo sabemos nosotros?<\/p>\n<p>Cierto es que todos somos un poco ignorantes respecto de lo que sucede despu\u00e9s de la muerte.\u00a0 Con frecuencia somos confrontados con esa dura realidad de tener que despedir a nuestros seres queridos o conocidos, miembros de nuestra comunidad.<\/p>\n<p>Parecer\u00eda que todo acaba con el \u201ctierra a tierra, ceniza a ceniza, polvo a polvo\u201d.<\/p>\n<p>La muerte se nos presenta demasiado cruel y nos confronta con nuestra propia finitud.<\/p>\n<p>Y produce toda una serie de sentimientos encontrados: de gratitud por haberlos tenido, pero de dolor, tristeza, impotencia porque ya no podremos \u201cretenerlos\u201d.<\/p>\n<p>S\u00ed. La tristeza, el abatimiento se apoderan de nosotros y oprimen nuestro coraz\u00f3n. \u00a0A veces ni siquiera encontramos las palabras justas, apropiadas para mitigar el dolor que produce la partida prematura de quienes amamos.<\/p>\n<p>Solo nos animamos a traer una palabra b\u00edblica. Una palabra de esperanza del mismo Dios que es el due\u00f1o de la vida y de la muerte y que es el \u00fanico que puede traer palabras valederas a partir de su obra y su poder en Cristo mismo.<\/p>\n<p>Cristo venci\u00f3 a la muerte y eso es lo que nos da la certeza de que tambi\u00e9n nosotros venceremos. La muerte no tiene la \u00faltima palabra.<\/p>\n<p>La muerte no puede aniquilar aquello que con amor se ha construido. \u00a1Queda tanto que la muerte no puede destruir!<\/p>\n<p>Aunque l\u00e1grimas se derramen en demas\u00eda. Jes\u00fas no nos pide reprimir ni contener.<\/p>\n<p>Cuando le pregunta a Mar\u00eda Magdalena \u00bfPor qu\u00e9 lloras? No lo hace como reproche. Sino como una manera de decirle: \u201cAqu\u00ed estoy\u201d. No me he ido. Estar\u00e9 siempre con ustedes por medio de mi Esp\u00edritu. Todos los d\u00edas hasta el final.<\/p>\n<h2>No est\u00e9n tristes \u2013dice Pablo- \u201cporque si creemos que Jes\u00fas muri\u00f3 y resucit\u00f3, as\u00ed tambi\u00e9n debemos creer que\u00a0 Dios va a resucitar con Jes\u00fas a los que murieron creyendo en \u00e9l\u201d.<\/h2>\n<p>Por eso, para quien ha vivido en Cristo y ha muerto creyendo en \u00e9l, puede tener la seguridad que tambi\u00e9n resucitar\u00e1 cuando llegue el momento. No hay absolutamente nada que nos pueda separar de su amor. Ni siquiera la muerte (Rom 8, 38ss)<\/p>\n<p>El ap\u00f3stol no se detiene a hablar del lugar donde descansan los muertos. En general la Biblia no lo hace. En alg\u00fan momento dir\u00eda que es como entrar en un sue\u00f1o, dormir, en el sentido de descanso. De hecho los primeros cristianos comenzaron a llamar a sus lugares de entierro \u201ccementerios\u201d que significa \u201cdormitorio\u201d. As\u00ed que nuestros seres queridos descansan junto a Cristo.<\/p>\n<p>Lo que el ap\u00f3stol quiere, es consolar a los entristecidos y angustiados tesalonicenses.<\/p>\n<p>Dios no permitir\u00e1 que los que son de Cristo, sean separados de su Se\u00f1or. De tal manera que cuando Cristo vuelva en gloria, los ya fallecidos no ser\u00e1n olvidados.<\/p>\n<p>Mucho m\u00e1s no necesitamos saber.<\/p>\n<p>Dios seguramente tendr\u00e1 algo especial reservado para cada una y cada uno de nosotros.<\/p>\n<p>\u201cDios ha preparado para los que lo aman cosas que nadie ha visto ni o\u00eddo, y ni siquiera pensado\u201d (I Cor 2,9).<\/p>\n<p>En cuanto al d\u00eda y la hora de la venida de Jes\u00fas, en cuanto al n\u00famero de los salvados y en cuanto a la manera en que el mundo ser\u00e1 transformado\u2026no debemos preocuparnos.<\/p>\n<p>Lo que Pablo describe como un arrebatamiento por los aires despu\u00e9s de un sonido de trompetas es, como dice Barclay, una visi\u00f3n de un vidente.\u00a0 Una manera en que el ap\u00f3stol Pablo imagina nuestro encuentro definitivo con el Se\u00f1or.<\/p>\n<p>Mientras tanto Dios nos regala una tregua, un tiempo de gracia, una oportunidad para cargar nuestras l\u00e1mparas con aceite\u2026<\/p>\n<p><em>Te agradecemos Se\u00f1or por el consuelo que de ti recibimos. Permite que aguardemos tu venida con una fe activa. Danos la certeza que nada ni nadie nos podr\u00e1 separar nunca de tu amor. Am\u00e9n. <\/em><\/p>\n<ol>\n<li><strong> Stella Maris Frizs<\/strong><\/li>\n<\/ol>\n<p><strong>Basavilbaso \u2013Entre R\u00edos -Argentina<\/strong><\/p>\n<p><strong><a href=\"mailto:stellafrizs@hotmail.com\">stellafrizs@hotmail.com<\/a> <\/strong><\/p>\n","protected":false},"excerpt":{"rendered":"<p>Vida y muerte: dones de Dios &#8211; 1 Tesalonicenses 4,13-18\u00a0\u00a0\u00a0\u00a0\u00a0\u00a0\u00a0\u00a0\u00a0\u00a0\u00a0\u00a0\u00a0\u00a0\u00a0\u00a0\u00a0\u00a0\u00a0\u00a0\u00a0\u00a0\u00a0\u00a0\u00a0\u00a0\u00a0\u00a0\u00a0\u00a0\u00a0\u00a0\u00a0\u00a0\u00a0\u00a0\u00a0\u00a0\u00a0\u00a0\u00a0 \u00a0 Los textos propuestos para esta \u00e9poca del a\u00f1o nos invitan a estar preparados. Casi todos hacen alusi\u00f3n a la segunda venida de Cristo. Un tema que, seg\u00fan la corriente teol\u00f3gica, le damos mayor o menor importancia. Sin embargo es un tema siempre vigente. Siempre [&hellip;]<\/p>\n","protected":false},"author":1,"featured_media":2236,"comment_status":"closed","ping_status":"closed","sticky":false,"template":"","format":"standard","meta":{"footnotes":""},"categories":[48,157,108,113,586,3,177],"tags":[],"beitragende":[],"predigtform":[],"predigtreihe":[],"bibelstelle":[],"class_list":["post-3610","post","type-post","status-publish","format-standard","has-post-thumbnail","hentry","category-1-thessalonicher","category-beitragende","category-current","category-espa","category-kapitel-04-chapter-04-1-thessalonicher","category-nt","category-stella-maris-frizs"],"_links":{"self":[{"href":"https:\/\/www.theologie.uzh.ch\/apps\/gpi\/wp-json\/wp\/v2\/posts\/3610","targetHints":{"allow":["GET"]}}],"collection":[{"href":"https:\/\/www.theologie.uzh.ch\/apps\/gpi\/wp-json\/wp\/v2\/posts"}],"about":[{"href":"https:\/\/www.theologie.uzh.ch\/apps\/gpi\/wp-json\/wp\/v2\/types\/post"}],"author":[{"embeddable":true,"href":"https:\/\/www.theologie.uzh.ch\/apps\/gpi\/wp-json\/wp\/v2\/users\/1"}],"replies":[{"embeddable":true,"href":"https:\/\/www.theologie.uzh.ch\/apps\/gpi\/wp-json\/wp\/v2\/comments?post=3610"}],"version-history":[{"count":2,"href":"https:\/\/www.theologie.uzh.ch\/apps\/gpi\/wp-json\/wp\/v2\/posts\/3610\/revisions"}],"predecessor-version":[{"id":3612,"href":"https:\/\/www.theologie.uzh.ch\/apps\/gpi\/wp-json\/wp\/v2\/posts\/3610\/revisions\/3612"}],"wp:featuredmedia":[{"embeddable":true,"href":"https:\/\/www.theologie.uzh.ch\/apps\/gpi\/wp-json\/wp\/v2\/media\/2236"}],"wp:attachment":[{"href":"https:\/\/www.theologie.uzh.ch\/apps\/gpi\/wp-json\/wp\/v2\/media?parent=3610"}],"wp:term":[{"taxonomy":"category","embeddable":true,"href":"https:\/\/www.theologie.uzh.ch\/apps\/gpi\/wp-json\/wp\/v2\/categories?post=3610"},{"taxonomy":"post_tag","embeddable":true,"href":"https:\/\/www.theologie.uzh.ch\/apps\/gpi\/wp-json\/wp\/v2\/tags?post=3610"},{"taxonomy":"beitragende","embeddable":true,"href":"https:\/\/www.theologie.uzh.ch\/apps\/gpi\/wp-json\/wp\/v2\/beitragende?post=3610"},{"taxonomy":"predigtform","embeddable":true,"href":"https:\/\/www.theologie.uzh.ch\/apps\/gpi\/wp-json\/wp\/v2\/predigtform?post=3610"},{"taxonomy":"predigtreihe","embeddable":true,"href":"https:\/\/www.theologie.uzh.ch\/apps\/gpi\/wp-json\/wp\/v2\/predigtreihe?post=3610"},{"taxonomy":"bibelstelle","embeddable":true,"href":"https:\/\/www.theologie.uzh.ch\/apps\/gpi\/wp-json\/wp\/v2\/bibelstelle?post=3610"}],"curies":[{"name":"wp","href":"https:\/\/api.w.org\/{rel}","templated":true}]}}