{"id":3729,"date":"2020-11-20T10:27:12","date_gmt":"2020-11-20T09:27:12","guid":{"rendered":"https:\/\/www.theologie.uzh.ch\/static\/wp\/?p=3729"},"modified":"2020-11-20T10:31:36","modified_gmt":"2020-11-20T09:31:36","slug":"predica-para-o-domingo-cristo-rei","status":"publish","type":"post","link":"https:\/\/www.theologie.uzh.ch\/apps\/gpi\/predica-para-o-domingo-cristo-rei\/","title":{"rendered":"PR\u00c9DICA PARA &#8230;"},"content":{"rendered":"<p><strong>PR\u00c9DICA PARA O DOMINGO CRISTO REI \u00a0\u2013 22.11.2020\u00a0 | Texto b\u00edblico: \u00a0Ef\u00e9sios 1.15-23 | Ester Delene Wilke |\u00a0<\/strong><\/p>\n<p><strong>Sauda\u00e7\u00e3o:<\/strong> \u201c<em>A gra\u00e7a do Senhor Jesus Cristo, o amor de Deus e a comunh\u00e3o do Esp\u00edrito Santo sejam com todos v\u00f3s\u201d<\/em> (<a href=\"https:\/\/bibliaportugues.com\/2_corinthians\/13-14.htm\">2 Cor\u00edntios 13:14<\/a>). Am\u00e9m!<\/p>\n<p>Gratid\u00e3o! Intercess\u00e3o! Confiss\u00e3o de f\u00e9! Tudo isso encontramos nestes vers\u00edculos da carta aos Ef\u00e9sios. Lemos e ouvimos as palavras b\u00edblicas na \u00f3tica do findar do ano eclesi\u00e1stico. Encerramos mais uma vez um ciclo da caminhada de f\u00e9 e de vida. Nossas liturgias querem nos ajudar na percep\u00e7\u00e3o do tempo e v\u00e3o numerando e nominando os domingos e os dias especiais do calend\u00e1rio da igreja. O Domingo da Eternidade, lembra que existe a finitude da vida, e que Cristo \u00e9 Senhor tamb\u00e9m sobre a morte. Denominado tamb\u00e9m de Domingo Cristo Rei, nos convida para celebrar o reinado de Cristo no mundo e sobre o mundo. Em poucos dias celebraremos o Advento, a espera pela chegada de Salvador. E assim as palavras b\u00edblicas v\u00e3o nos ajudando a viver, a interpretar e dar significado a nossa exist\u00eancia. Trazem luz para a nossa caminhada e nos situam na hist\u00f3ria do povo de Deus.<\/p>\n<p>As palavras iniciais do trecho da carta mostram gratid\u00e3o. Um contentamento por causa da f\u00e9 em Jesus e que resulta naturalmente em amor. Diz: \u201c<em>desde que ouvi falar da f\u00e9 que voc\u00eas t\u00eam no Senhor Jesus e do amor que voc\u00eas t\u00eam por todos os irm\u00e3os na f\u00e9,\u00a0n\u00e3o paro de agradecer a Deus por causa de voc\u00eas\u201d (v.15s). <\/em>Poderemos olhar para a nossa caminhada, para o que foi vivido e perceber que f\u00e9 e amor foram experimentados nos tempos de incertezas que vivemos. A gratid\u00e3o \u00e9 uma resposta de f\u00e9. Traz um novo alento. D\u00e1 for\u00e7a e coragem para seguir em frente. \u00c9 como um raio de luz no meio da escura desola\u00e7\u00e3o e desesperan\u00e7a. A mensagem da carta \u00e9 alentadora. Palavras t\u00eam for\u00e7a de encorajamento.<\/p>\n<p>\u201c<em>Eu sempre lembro de voc\u00eas nas minhas ora\u00e7\u00f5es<\/em>\u201d (v. 16b). Lembro-me que h\u00e1 anos ouvia de um pastor em\u00e9rito exatamente isso: \u201cEu oro por voc\u00ea!\u201d Ent\u00e3o, \u00a0saber-se lembrada e carregada nas ora\u00e7\u00f5es de irm\u00e3os e irm\u00e3s nos lembra que n\u00e3o precisamos persistir e lutar contando com as pr\u00f3prias for\u00e7as. Fazemos parte de uma comunh\u00e3o maior. N\u00e3o estamos s\u00f3s. Confessamos no 3\u00ba artigo do Credo Apost\u00f3lico: \u201c<em>Creio no Esp\u00edrito Santo<\/em><em>, na santa igreja crist\u00e3, a comunh\u00e3o dos santos<\/em>\u201d. E faz todo sentido refletir nesta perspectiva esta palavra b\u00edblica. Como conseguimos suportar as press\u00f5es, medos, ansiedades e dados estat\u00edsticos na pandemia? Como ver tanta inseguran\u00e7a e dor das pessoas e seguir em frente? \u00c9 a comunh\u00e3o dos santos e santas que nos sustenta, que pede em nosso favor. Intercede para que nos seja dado o esp\u00edrito da sabedoria e que recebamos o conhecimento do agir de Deus. Isso \u00e9 amor que resulta da f\u00e9.<\/p>\n<p>As palavras que outrora foram endere\u00e7adas \u00e0s pessoas de \u00c9feso, destinam-se a n\u00f3s. Lembram-nos, ao findar do ano eclesi\u00e1stico, que nossa f\u00e9 seja firmada em Cristo. Diz: <em>\u201cPe\u00e7o que Deus abra a mente de voc\u00eas para que vejam a luz dele e conhe\u00e7am a esperan\u00e7a para a qual ele os\u00a0chamou. E tamb\u00e9m para que saibam como s\u00e3o maravilhosas as b\u00ean\u00e7\u00e3os que ele prometeu ao seu povo<\/em>\u201d (v 18). Mesmo que haja muito sofrimento e desesperan\u00e7a, lembremos que nossa f\u00e9 se move na esperan\u00e7a. Maravilhosas b\u00ean\u00e7\u00e3os s\u00e3o experimentadas onde h\u00e1 esperan\u00e7a.<\/p>\n<p>\u00c9 confiss\u00e3o de f\u00e9 afirmar a esperan\u00e7a nos dias em que vivemos marcados por tanta maldade, corrup\u00e7\u00e3o e viol\u00eancia. A esperan\u00e7a que resulta do poder de Cristo. Poder que n\u00e3o tem um fim por si mesmo, mas \u00e9 poder que se move e que se doa, \u201c<em>que age em n\u00f3s, os que cremos nele<\/em>.<em>\u201d <\/em>(v.19).<\/p>\n<p>O mal e a morte n\u00e3o t\u00eam a \u00faltima palavra. O poder de Deus est\u00e1 \u201cacima\u201d de todos os demais poderes.\u00a0 Jesus foi colocado por Deus como o detentor e regente desse poder.\u00a0 N\u00e3o \u00e9 para dominar pois \u00e9 <em>\u201cpoder que age em n\u00f3s \u00e9 a mesma for\u00e7a poderosa que ele usou quando ressuscitou Cristo e fez com que ele se sentasse ao seu lado direito no mundo celestial<\/em>\u201d (v.19s). N\u00f3s experimentamos nesta vida o poder e a for\u00e7a de Deus, ou seja, poder de ressurrei\u00e7\u00e3o. \u00c9 a for\u00e7a transformadora de Deus que se manifesta no nosso batismo. A gra\u00e7a se mostra e nos alcan\u00e7a. Pecado, amargura, vingan\u00e7a, decad\u00eancia, doen\u00e7a, desespero, mentira, agress\u00e3o, gan\u00e2ncia&#8230; Deus quer transformar em perd\u00e3o, for\u00e7a, sa\u00fade, verdade, esperan\u00e7a, partilha e amor. A comunidade de f\u00e9 \u00e9 beneficiada por este poder de Cristo e recebe este poder para vivencia-lo. Justamente por isso n\u00e3o \u00e9 como os poderes deste mundo. N\u00e3o pode ser usurpado pois \u00e9 poder de servi\u00e7o! H\u00e1 que se alimentar desta fonte que \u00e9 o poder de Cristo. Repito: \u00e9 poder \u201c<em>que age em n\u00f3s, os que cremos nele<\/em>.<em>\u201d <\/em>(v.19). A f\u00e9, ent\u00e3o, resulta em amor por irm\u00e3os e irm\u00e3s e muitas ben\u00e7\u00e3os s\u00e3o experimentadas.<\/p>\n<p>A carta traz palavras endere\u00e7adas a nossa vida e a nossa comunidade de f\u00e9. Fa\u00e7amos uma retrospectiva neste Domingo Cristo Rei e que as palavras b\u00edblicas nos ajudem a viver, a interpretar e dar significado a nossa exist\u00eancia. Tragam luz para a nossa caminhada e nos situem na hist\u00f3ria do povo de Deus. Caminhemos para o Advento na esperan\u00e7a para a qual Ele nos chamou. Am\u00e9m!<\/p>\n<p>Pastora Ester Delene Wilke<\/p>\n<p>Marechal C\u00e2ndido Rondon \u2013 Paran\u00e1, Brasilien<\/p>\n<p><a href=\"mailto:esterdelene@olpcaonet.com.be\">esterdelene@olpcaonet.com.be<\/a> .<\/p>\n","protected":false},"excerpt":{"rendered":"<p>PR\u00c9DICA PARA O DOMINGO CRISTO REI \u00a0\u2013 22.11.2020\u00a0 | Texto b\u00edblico: \u00a0Ef\u00e9sios 1.15-23 | Ester Delene Wilke |\u00a0 Sauda\u00e7\u00e3o: \u201cA gra\u00e7a do Senhor Jesus Cristo, o amor de Deus e a comunh\u00e3o do Esp\u00edrito Santo sejam com todos v\u00f3s\u201d (2 Cor\u00edntios 13:14). Am\u00e9m! Gratid\u00e3o! Intercess\u00e3o! Confiss\u00e3o de f\u00e9! Tudo isso encontramos nestes vers\u00edculos da carta [&hellip;]<\/p>\n","protected":false},"author":1,"featured_media":3020,"comment_status":"closed","ping_status":"closed","sticky":false,"template":"","format":"standard","meta":{"footnotes":""},"categories":[45,108,602,374,3,112,109],"tags":[],"beitragende":[],"predigtform":[],"predigtreihe":[],"bibelstelle":[],"class_list":["post-3729","post","type-post","status-publish","format-standard","has-post-thumbnail","hentry","category-epheser","category-current","category-ester-delene-wilke","category-kapitel-01-chapter-01-epheser","category-nt","category-port","category-predigten"],"_links":{"self":[{"href":"https:\/\/www.theologie.uzh.ch\/apps\/gpi\/wp-json\/wp\/v2\/posts\/3729","targetHints":{"allow":["GET"]}}],"collection":[{"href":"https:\/\/www.theologie.uzh.ch\/apps\/gpi\/wp-json\/wp\/v2\/posts"}],"about":[{"href":"https:\/\/www.theologie.uzh.ch\/apps\/gpi\/wp-json\/wp\/v2\/types\/post"}],"author":[{"embeddable":true,"href":"https:\/\/www.theologie.uzh.ch\/apps\/gpi\/wp-json\/wp\/v2\/users\/1"}],"replies":[{"embeddable":true,"href":"https:\/\/www.theologie.uzh.ch\/apps\/gpi\/wp-json\/wp\/v2\/comments?post=3729"}],"version-history":[{"count":3,"href":"https:\/\/www.theologie.uzh.ch\/apps\/gpi\/wp-json\/wp\/v2\/posts\/3729\/revisions"}],"predecessor-version":[{"id":3732,"href":"https:\/\/www.theologie.uzh.ch\/apps\/gpi\/wp-json\/wp\/v2\/posts\/3729\/revisions\/3732"}],"wp:featuredmedia":[{"embeddable":true,"href":"https:\/\/www.theologie.uzh.ch\/apps\/gpi\/wp-json\/wp\/v2\/media\/3020"}],"wp:attachment":[{"href":"https:\/\/www.theologie.uzh.ch\/apps\/gpi\/wp-json\/wp\/v2\/media?parent=3729"}],"wp:term":[{"taxonomy":"category","embeddable":true,"href":"https:\/\/www.theologie.uzh.ch\/apps\/gpi\/wp-json\/wp\/v2\/categories?post=3729"},{"taxonomy":"post_tag","embeddable":true,"href":"https:\/\/www.theologie.uzh.ch\/apps\/gpi\/wp-json\/wp\/v2\/tags?post=3729"},{"taxonomy":"beitragende","embeddable":true,"href":"https:\/\/www.theologie.uzh.ch\/apps\/gpi\/wp-json\/wp\/v2\/beitragende?post=3729"},{"taxonomy":"predigtform","embeddable":true,"href":"https:\/\/www.theologie.uzh.ch\/apps\/gpi\/wp-json\/wp\/v2\/predigtform?post=3729"},{"taxonomy":"predigtreihe","embeddable":true,"href":"https:\/\/www.theologie.uzh.ch\/apps\/gpi\/wp-json\/wp\/v2\/predigtreihe?post=3729"},{"taxonomy":"bibelstelle","embeddable":true,"href":"https:\/\/www.theologie.uzh.ch\/apps\/gpi\/wp-json\/wp\/v2\/bibelstelle?post=3729"}],"curies":[{"name":"wp","href":"https:\/\/api.w.org\/{rel}","templated":true}]}}