{"id":4099,"date":"2020-12-22T15:09:30","date_gmt":"2020-12-22T14:09:30","guid":{"rendered":"https:\/\/www.theologie.uzh.ch\/static\/wp\/?p=4099"},"modified":"2020-12-22T15:10:04","modified_gmt":"2020-12-22T14:10:04","slug":"o-1o-domingo-apos-natal","status":"publish","type":"post","link":"https:\/\/www.theologie.uzh.ch\/apps\/gpi\/o-1o-domingo-apos-natal\/","title":{"rendered":"O 1\u00ba DOMINGO AP\u00d3S NATAL"},"content":{"rendered":"<h3>\u00a027 de dezembro de 2020 | Texto da pr\u00e9dica: Isa\u00edas 61.10-62.3 | Martin Norberto Dreher |<\/h3>\n<p>Querida comunidade! Irm\u00e3s e irm\u00e3os!<\/p>\n<p>J\u00e1 abriram todos os presentes? Ainda tem algum a caminho? Qual foi o que mais agradou? Tiveram tempo para apreciar a \u00e1rvore de Natal? Havia algum enfeite novo? E o pres\u00e9pio? Alguma figura nova? O prato com biscoitos de Natal ainda tem alguma coisa?<\/p>\n<p>De tanta coisa, ser\u00e1 que n\u00e3o esquecemos de abrir um dos presentes: o mais importante? Ou ser\u00e1 que j\u00e1 nos esquecemos dele, pois j\u00e1 se passaram tr\u00eas ou dois dias do Natal? \u00c9, quando estiverem em casa voltem a olhar a \u00e1rvore que abriga o pres\u00e9pio. Depois, aproximem-se do pres\u00e9pio e descubram a crian\u00e7a que est\u00e1 deitada no cocho entre pai e m\u00e3e, entre o boi e o burrinho e perguntem a ela: Como \u00e9 o teu nome? Ela responder\u00e1: O profeta disse que meu nome \u00e9 Maravilhoso, Conselheiro, Deus Forte, Pai da Eternidade, Pr\u00edncipe da Paz. Um anjo disse a meus pais que meu nome seria \u201cJesus\u201d, o que significa: Deus vai salvar! Satisfeitos? Sabem o que tudo isso significa?<\/p>\n<p>Agora, vamos olhar todo o pres\u00e9pio. Quem est\u00e1 ali? J\u00e1 vimos os pais, o boi e o burrinho, mas tem mais gente! Sim, pastores e pastoras (gente da qual se pensava que eram ladr\u00f5es e ladras e mentirosos), crian\u00e7as que est\u00e3o cantando: \u00d3 vinde, meninas! \u00d3 vinde, meninos! Tr\u00eas figuras que viram uma estrela, astr\u00f3logos (escreviam hor\u00f3scopos) e a seguiram. Al\u00e9m do boi e do burrinho deve haver uma vaca; tamb\u00e9m h\u00e1 camelos, ovelhas, moscas e mosquitos. Moscas e mosquitos? Sim. J\u00e1 viram curral sem mosca, sem mosquitos. D\u00e1 para pensar que ali deve haver cheirinho n\u00e3o muito agrad\u00e1vel?<\/p>\n<p>Agora, vamos pegar a crian\u00e7a que est\u00e1 envolta em fraldas, s\u00f3 com o rosto e as m\u00e3ozinhas de fora. Em nosso colo, ela \u00e9 cheirosa. Dela brota perfume que modifica o ambiente e nos envolve a todos: pais, pastores, pastoras, crian\u00e7as, magos, os animais, a \u00e1rvore que lhe d\u00e1 abrigo. E, agora, entendemos o texto do profeta que se dirige a n\u00f3s. Como somos comunidade da crian\u00e7a, podemos nos alegrar e cantar hinos de louvor! Ela \u00e9 Deus que entra em nossas vidas. Nossas roupas estavam malcheirosas: as dos pais por causa da longa caminhada; as dos pastores por falta de banho e das malcheirosas ovelhas; as dos magos e dos camelos por causa de outra longa jornada. Agora, com ela nos bra\u00e7os, estamos perfumados. Nossa roupa n\u00e3o s\u00e3o mais trapos, mas \u201croupa da salva\u00e7\u00e3o\u201d, estamos vestidos como noivo e noiva. O mesmo Deus que deixa brotar as sementes e faz crescer as \u00e1rvores veio a n\u00f3s na crian\u00e7a e faz com que n\u00f3s cres\u00e7amos e brotemos de novo. Por isso, dirigimos a ele nosso louvor. Esse \u00e9 o milagre de Natal, o presente que precisamos abrir: Deus faz de n\u00f3s os malcheirosos, pessoas renovadas, perfumadas, pois sabemos: N\u00e3o estamos s\u00f3s, Emanuel!, Deus est\u00e1 conosco, na crian\u00e7a.<\/p>\n<p>\u00c9, por isso que n\u00f3s cantamos e n\u00e3o calamos. Somos sua comunidade, a comunidade da crian\u00e7a, a comunidade do Salvador! Ningu\u00e9m nos pode calar. Declaramos que Ele veio, conforme foi prometido. N\u00f3s e os que vierem depois de n\u00f3s (e, por isso, n\u00e3o podemos deixar de falar!) veremos, melhor: j\u00e1 estamos vendo a sua beleza! Somos pessoas amadas por Ele. N\u00e3o estamos abandonados, nem arrasados. Ele nos chama de \u201cmeus queridos\u201d. Ele se alegra por nos ter como seus, por causa da crian\u00e7a da manjedoura. Por Seus anjos cantaram e continuam a cantar: \u201cGl\u00f3ria tem Deus nas maiores alturas e paz na terra as pessoas a quem Ele quer bem\u201d. N\u00e3o temos a paz que nos prometem grandes imp\u00e9rios; temos a paz da comunidade que se sabe acolhida e que sabe que ser\u00e1 acolhida.<\/p>\n<p>\u201cHoje sai do c\u00e9u eterno<\/p>\n<p>Cristo, o her\u00f3i, que nos foi arrancar do inferno.<\/p>\n<p>V\u00ea: Deus homem verdadeiro<\/p>\n<p>Se tornou! Tanto amou<\/p>\n<p>Seus irm\u00e3os o Herdeiro\u201d.\u00a0 Am\u00e9m.<\/p>\n<p>P. Dr. Martin Norberto Dreher<\/p>\n<p>S\u00e3o Leopoldo \u2013 Rio Grande do Sul, Brasilien<\/p>\n<p><a href=\"mailto:martindreher@terra.com.br\">martindreher@terra.com.br<\/a><\/p>\n","protected":false},"excerpt":{"rendered":"<p>\u00a027 de dezembro de 2020 | Texto da pr\u00e9dica: Isa\u00edas 61.10-62.3 | Martin Norberto Dreher | Querida comunidade! Irm\u00e3s e irm\u00e3os! J\u00e1 abriram todos os presentes? Ainda tem algum a caminho? Qual foi o que mais agradou? Tiveram tempo para apreciar a \u00e1rvore de Natal? Havia algum enfeite novo? E o pres\u00e9pio? Alguma figura nova? [&hellip;]<\/p>\n","protected":false},"author":1,"featured_media":4068,"comment_status":"closed","ping_status":"closed","sticky":false,"template":"","format":"standard","meta":{"footnotes":""},"categories":[22,2,157,108,619,370,112,109],"tags":[],"beitragende":[],"predigtform":[],"predigtreihe":[],"bibelstelle":[],"class_list":["post-4099","post","type-post","status-publish","format-standard","has-post-thumbnail","hentry","category-jesaja","category-at","category-beitragende","category-current","category-kapitel-61-chapter-61-jesaja","category-martin-norberto-dreher","category-port","category-predigten"],"_links":{"self":[{"href":"https:\/\/www.theologie.uzh.ch\/apps\/gpi\/wp-json\/wp\/v2\/posts\/4099","targetHints":{"allow":["GET"]}}],"collection":[{"href":"https:\/\/www.theologie.uzh.ch\/apps\/gpi\/wp-json\/wp\/v2\/posts"}],"about":[{"href":"https:\/\/www.theologie.uzh.ch\/apps\/gpi\/wp-json\/wp\/v2\/types\/post"}],"author":[{"embeddable":true,"href":"https:\/\/www.theologie.uzh.ch\/apps\/gpi\/wp-json\/wp\/v2\/users\/1"}],"replies":[{"embeddable":true,"href":"https:\/\/www.theologie.uzh.ch\/apps\/gpi\/wp-json\/wp\/v2\/comments?post=4099"}],"version-history":[{"count":2,"href":"https:\/\/www.theologie.uzh.ch\/apps\/gpi\/wp-json\/wp\/v2\/posts\/4099\/revisions"}],"predecessor-version":[{"id":4101,"href":"https:\/\/www.theologie.uzh.ch\/apps\/gpi\/wp-json\/wp\/v2\/posts\/4099\/revisions\/4101"}],"wp:featuredmedia":[{"embeddable":true,"href":"https:\/\/www.theologie.uzh.ch\/apps\/gpi\/wp-json\/wp\/v2\/media\/4068"}],"wp:attachment":[{"href":"https:\/\/www.theologie.uzh.ch\/apps\/gpi\/wp-json\/wp\/v2\/media?parent=4099"}],"wp:term":[{"taxonomy":"category","embeddable":true,"href":"https:\/\/www.theologie.uzh.ch\/apps\/gpi\/wp-json\/wp\/v2\/categories?post=4099"},{"taxonomy":"post_tag","embeddable":true,"href":"https:\/\/www.theologie.uzh.ch\/apps\/gpi\/wp-json\/wp\/v2\/tags?post=4099"},{"taxonomy":"beitragende","embeddable":true,"href":"https:\/\/www.theologie.uzh.ch\/apps\/gpi\/wp-json\/wp\/v2\/beitragende?post=4099"},{"taxonomy":"predigtform","embeddable":true,"href":"https:\/\/www.theologie.uzh.ch\/apps\/gpi\/wp-json\/wp\/v2\/predigtform?post=4099"},{"taxonomy":"predigtreihe","embeddable":true,"href":"https:\/\/www.theologie.uzh.ch\/apps\/gpi\/wp-json\/wp\/v2\/predigtreihe?post=4099"},{"taxonomy":"bibelstelle","embeddable":true,"href":"https:\/\/www.theologie.uzh.ch\/apps\/gpi\/wp-json\/wp\/v2\/bibelstelle?post=4099"}],"curies":[{"name":"wp","href":"https:\/\/api.w.org\/{rel}","templated":true}]}}