{"id":4472,"date":"2021-02-18T18:22:39","date_gmt":"2021-02-18T17:22:39","guid":{"rendered":"https:\/\/theologie.whp.uzh.ch\/apps\/gpi\/?p=4472"},"modified":"2021-02-18T18:25:34","modified_gmt":"2021-02-18T17:25:34","slug":"1o-domingo-na-quaresma-2","status":"publish","type":"post","link":"https:\/\/www.theologie.uzh.ch\/apps\/gpi\/1o-domingo-na-quaresma-2\/","title":{"rendered":"1\u00ba DOMINGO NA QUARESMA"},"content":{"rendered":"<h3>PR\u00c9DICA PARA O 1\u00ba DOMINGO NA QUARESMA \u2013 21 DE FEVEREIRO DE 2021 |&nbsp;Texto b\u00edblico: <strong>Marcos 9.2-9 | <\/strong>Nilton Giese |<\/h3>\n<p>Que a gra\u00e7a de nosso Senhor Jesus Cristo, o amor de Deus nosso Pai \u2013 que nos ama e nos cuida com amor de m\u00e3e, e a comunh\u00e3o do Esp\u00edrito Santo permane\u00e7am no meio de n\u00f3s. Am\u00e9m.<\/p>\n<p><strong>Leitura do Evangelho de Marcos 9.2-9<br \/>\n<\/strong><br \/>\nOremos: Senhor, agradecemos o teu imenso amor por n\u00f3s e pedimos-te:&nbsp;vem nos ensinar atrav\u00e9s da tua palavra. Que como testemunho da obra de teu Filho&nbsp;Jesus por n\u00f3s, ela alimente nossa f\u00e9 em ti e nos fortale\u00e7a para um testemunho&nbsp;claro atrav\u00e9s de palavras e a\u00e7\u00f5es. Am\u00e9m<\/p>\n<p>Estimados irm\u00e3os e estimadas irm\u00e3s:<\/p>\n<p>O domingo passado foi o &nbsp;\u00faltimo domingo ap\u00f3s Epifania. Epifania significa Revela\u00e7\u00e3o de Deus. Deus revela ao mundo o seu Filho Jesus Cristo. Por isso, Epifania nos convida a falar de Deus de maneira concreta. Devemos falar de como Deus se manifesta concretamente na vida e na hist\u00f3ria.<\/p>\n<p>E nesse \u00faltimo domingo de Epifania, somos lembrados da transfigura\u00e7\u00e3o de Jesus. Os cap\u00edtulos anteriores do Evangelho de Marcos relatam as intensas atividades de Jesus. Todos queriam um milagre, uma cura, todos tinham um dem\u00f4nio para Jesus expulsar. Parece que Jesus tinha que provar \u2013 a cada momento \u2013 que ele era o Filho de Deus e que ele tinha poder sobre o mal. Um pouco antes desse texto da transfigura\u00e7\u00e3o, Jesus j\u00e1 parecia agotado e precisava de um pouco de paz. Por isso, ele foi para o norte, para o estrangeiro, para o pa\u00eds vizinho que hoje conhecemos como L\u00edbano (Mc 7.24). Ali Jesus entrou numa casa e n\u00e3o queria que ningu\u00e9m soubesse que ele estava ali. Mas n\u00e3o teve jeito. Uma mulher daquele lugar tamb\u00e9m queria um milagre para sua filha. Jesus at\u00e9 respondeu de forma grosseira ao pedido dessa mulher: N\u00e3o est\u00e1 certo tirar o p\u00e3o dos filhos e jog\u00e1-lo aos cachorros (Mc 8.27). Mas a resposta daquela mulher comove a Jesus: Ela n\u00e3o precisava de todo um<\/p>\n<p>&nbsp;<\/p>\n<p>p\u00e3o. Ela s\u00f3 pede algumas migalhas de Jesus: At\u00e9 os cachorrinhos que ficam debaixo da mesa comem as migalhas de p\u00e3o que as crian\u00e7as deixam cair (Mc 8.28). Em seguida Jesus curou (\u00e0 dist\u00e2ncia) a filha daquela mulher.<\/p>\n<p>Por isso, podemos imaginar que nessa altura do Evangelho de Marcos, Jesus j\u00e1 estivesse bem cansado e at\u00e9 irritado, pois mesmo tendo feito muitos milagres, ele ainda precisava &#8211; sempre de novo &#8211; enfrentar os ataques dos fariseus e a incompreens\u00e3o e a falta de f\u00e9 dos seus pr\u00f3prios disc\u00edpulos. \u00c9 esse Jesus cansado que sobe o monte Tabor. Ele precisa de um retiro, ele precisa sair do seu contexto, de sua rotina. Ele precisa orar e pensar sobre o sentido disso que ele est\u00e1 fazendo na terra.<\/p>\n<p>L\u00e1 em cima, acontece uma metamorfose. Sua apar\u00eancia humana marcada pelo cansa\u00e7o, pela irrita\u00e7\u00e3o, pela poeira, pelo des\u00e2nimo&#8230; tudo isso desaparece e aparece um Jesus iluminado, como ele realmente \u00e9, como Deus o v\u00ea. Junto a ele aparecem outros dois grandes l\u00edderes que tamb\u00e9m tiveram uma f\u00e9 engajada com a realidade: Mois\u00e9s e Elias. Eles conversam com Jesus, eles reanimam a Jesus.<\/p>\n<p>Os disc\u00edpulos de Jesus acham isso t\u00e3o maravilhoso que n\u00e3o querem mais sair dali. Eles queriam ficar naquele peda\u00e7o do c\u00e9u. N\u00e3o queriam mais voltar para casa, para o seu dia a dia.<\/p>\n<p>Nesse momento, uma forte neblina toma conta da montanha. Eles n\u00e3o conseguiam enxergar nada. Mas, ouviram uma voz que disse: Este \u00e9 o meu Filho amado, a ele ouvi (v.7). Era a voz de Deus falando com eles.<\/p>\n<p>Essa voz tamb\u00e9m nos quer dizer ainda hoje que somente podemos falar de Deus a partir de Jesus Cristo.&nbsp; A vontade de Deus n\u00e3o pode ser reconhecida em nada mais \u2013 somente nos ensinamentos de Jesus Cristo. Portanto, para conhecer a Deus devemos escutar e olhar para Jesus Cristo.<\/p>\n<p>Em Jesus Cristo, Deus quer estar presente na vida das pessoas! Os padecimentos humanos e o sofrimento da Cria\u00e7\u00e3o de Deus precisam ser enfrentados e superados com confian\u00e7a e com perseveran\u00e7a. Jesus se cansava de tanto falar de Deus e de ajudar as pessoas. \u00c9 isso que ele espera tamb\u00e9m de n\u00f3s. Jesus enfrentava o sofrimento com confian\u00e7a em Deus.<\/p>\n<p>Jesus veio para dizer e mostrar que Deus n\u00e3o fica distante, mas que ele abriu o c\u00e9u e desceu para a terra e vai ao encontro das pessoas que sofrem. E isso n\u00e3o \u00e9 m\u00e9rito de nenhum de n\u00f3s.<\/p>\n<p>&nbsp;<\/p>\n<p>Ele sabe de nossa pouca f\u00e9, que geralmente estamos cheios de d\u00favidas, de medo, de desespero, mas mesmo assim, Ele n\u00e3o nos rejeita. Ele sabe que temos poucos m\u00e9ritos, ele nos conhece profundamente, sabe o que passa dentro de nossa cabe\u00e7a e de nosso cora\u00e7\u00e3o. Mesmo assim, ele n\u00e3o nos rejeita, mas vem ao nosso encontro para nos dizer: Quero estar ao teu lado nessa tua dif\u00edcil jornada. Quero estar ao teu lado na luta contra essa doen\u00e7a. Saber disso acalma o nosso cora\u00e7\u00e3o e renova a nossa f\u00e9. &nbsp;Saber que nosso Jesus est\u00e1 presente.<\/p>\n<p>Mas, ent\u00e3o \u2013 por que as coisas n\u00e3o melhoram na minha vida? Por que Jesus n\u00e3o faz um milagre para mim e transforma tudo de ruim que est\u00e1 na minha vida?<\/p>\n<p>Talvez seja porque as mudan\u00e7as devem come\u00e7ar primeiro conosco. Tem gente que quer mudar as coisas nas outras pessoas, mas n\u00e3o quer mudar as coisas dentro dela mesmo. Tem gente que culpa sempre os outros, tem gente que pensa que os errados s\u00e3o sempre os outros, que as coisas n\u00e3o d\u00e3o certo por causa dos outros.<\/p>\n<p>O indiano Mahatma Gandhi ensinava que uma mudan\u00e7a geral requer primeiro uma mudan\u00e7a particular. Caso contr\u00e1rio, acabamos n\u00e3o vendo os perigos no meio dos benef\u00edcios.<\/p>\n<p>Por exemplo, ter riqueza sem trabalho, ter prazer sem consci\u00eancia, ter conhecimento sem car\u00e1ter, fazer neg\u00f3cios sem \u00e9tica, ci\u00eancia sem humanidade, querer uma religi\u00e3o sem sacrif\u00edcios, pol\u00edtica sem princ\u00edpios. Todas essas coisas v\u00eam juntas. &nbsp;Os ensinamentos de Jesus querem nos ajudar a diferenciar o bem do mal em cada uma delas. Mas Gandhi via que muitas pessoas s\u00f3 queriam os benef\u00edcios de Deus, n\u00e3o queriam mudar nada em si mesmo. Ele dizia que se n\u00e3o fosse pelos crist\u00e3os, ele mesmo seria um seguidor de Jesus. Mas os crist\u00e3os cansam a Deus com tantos pedidos, com tantas ora\u00e7\u00f5es. Pedem muitas coisas de Deus, mas n\u00e3o querem praticar os ensinamentos de Jesus.<\/p>\n<p>Portanto, aqui tem uma coisa importante: Para mudar os outros, precisamos primeiro mudar a n\u00f3s mesmos. Ningu\u00e9m de n\u00f3s \u00e9 perfeito. Ningu\u00e9m de n\u00f3s tem toda a raz\u00e3o. O maior milagre de Jesus seria mudar o nosso cora\u00e7\u00e3o, transformar as nossas prioridades, o nosso objetivo de vida \u2013 alinhado com os ensinamentos de Jesus. As coisas realmente &nbsp;melhoram \u2013 come\u00e7ando por n\u00f3s. N\u00e3o pelos outros. Os outros v\u00eam depois.<\/p>\n<p>&nbsp;<\/p>\n<p>Os Evangelhos nos contam que Jesus viveu no meio das pessoas e ele conheceu os problemas dessas pessoas. Ele deu aten\u00e7\u00e3o aos problemas das pessoas, mas Jesus tamb\u00e9m se preocupava com o comportamento das pessoas depois de receberem a cura ou o milagre de Jesus. Por isso, Jesus deve ainda hoje ficar chateado conosco quando pedimos milagres para n\u00f3s mesmos, mas n\u00e3o mudamos de pensamento, nem de comportamento em rela\u00e7\u00e3o a outras pessoas e nem cuidamos da Boa Cria\u00e7\u00e3o de Deus.<\/p>\n<p>Nessa semana, na &nbsp;quarta-feira come\u00e7ou o tempo da Quaresma que vai at\u00e9 o Domingo de Ramos. E nesse ano, aqui no Brasil somos convidados para participar da Campanha da Fraternidade Ecum\u00eanica. Normalmente essa \u00e9 uma campanha somente da Igreja Cat\u00f3lica Romana, mas nesse ano ela foi preparada para que outras igrejas tamb\u00e9m possam participar. O tema ser\u00e1: Cristo \u00e9 a nossa paz. Do que era dividido fez uma unidade (Ef 2.14). E a Campanha convida as pessoas crist\u00e3s de todas as igrejas praticarem gestos de fraternidade e di\u00e1logo \u2013 com o objetivo de fomentar em todos n\u00f3s um compromisso com a pr\u00e1tica do amor, ensinada por Jesus. Jesus Cristo nos ensinou que Deus quer estar presente na vida das pessoas! Os padecimentos humanos e da Cria\u00e7\u00e3o de Deus precisam ser enfrentados e superados com confian\u00e7a, com perseveran\u00e7a. O compromisso de amor das igrejas pode transformar muitas situa\u00e7\u00f5es de sofrimento.<\/p>\n<p>A Campanha da Fraternidade Ecum\u00eanica vai convidar as pessoas de todas as igrejas para que n\u00e3o se resignem diante da sofrimento, da maldade, das injusti\u00e7as e da depreda\u00e7\u00e3o da boa Cria\u00e7\u00e3o de Deus, mas que demonstrem gestos de amor, de cuidado, de acolhida, de aceita\u00e7\u00e3o, que expressem suas opini\u00f5es de forma positiva, que sejam capazes de de relativizar suas ambi\u00e7\u00f5es pessoais e para que pensemos mais no bem-comum e assim possamos viver a f\u00e9 de Jesus.<\/p>\n<p>Lembremo-nos da voz de Deus que os disc\u00edpulos ouviram no monte Tabor: Este \u00e9 o meu Filho amado, a ele ouvi (v.7). Jesus quer&nbsp; transformar tamb\u00e9m a cada um e cada uma de n\u00f3s em seus seguidores, para que assim n\u00f3s consigamos transformar os sofrimentos nesse mundo. Deixemos que Jesus seja o nosso bom pastor.<\/p>\n<p>Que a gra\u00e7a de nosso Senhor Jesus Cristo, o amor de Deus nosso Pai \u2013 que nos ama e nos cuida com amor de m\u00e3e, e a comunh\u00e3o do Esp\u00edrito Santo permane\u00e7am no meio de n\u00f3s. &nbsp;Am\u00e9m.<\/p>\n<p>&nbsp;<\/p>\n<p>P. Nilton Giese<\/p>\n<p>Curitiba \u2013 Paran\u00e1, Brasilien<\/p>\n<p><a href=\"mailto:Giese1959@gmail.com\">Giese1959@gmail.com<\/a><\/p>\n","protected":false},"excerpt":{"rendered":"<p>PR\u00c9DICA PARA O 1\u00ba DOMINGO NA QUARESMA \u2013 21 DE FEVEREIRO DE 2021 |&nbsp;Texto b\u00edblico: Marcos 9.2-9 | Nilton Giese | Que a gra\u00e7a de nosso Senhor Jesus Cristo, o amor de Deus nosso Pai \u2013 que nos ama e nos cuida com amor de m\u00e3e, e a comunh\u00e3o do Esp\u00edrito Santo permane\u00e7am no meio [&hellip;]<\/p>\n","protected":false},"author":1,"featured_media":3863,"comment_status":"closed","ping_status":"closed","sticky":false,"template":"","format":"standard","meta":{"footnotes":""},"categories":[37,157,108,219,3,471,112,109],"tags":[],"beitragende":[],"predigtform":[],"predigtreihe":[],"bibelstelle":[],"class_list":["post-4472","post","type-post","status-publish","format-standard","has-post-thumbnail","hentry","category-markus","category-beitragende","category-current","category-kapitel-9-chapter-9-markus","category-nt","category-nilton-giese","category-port","category-predigten"],"_links":{"self":[{"href":"https:\/\/www.theologie.uzh.ch\/apps\/gpi\/wp-json\/wp\/v2\/posts\/4472","targetHints":{"allow":["GET"]}}],"collection":[{"href":"https:\/\/www.theologie.uzh.ch\/apps\/gpi\/wp-json\/wp\/v2\/posts"}],"about":[{"href":"https:\/\/www.theologie.uzh.ch\/apps\/gpi\/wp-json\/wp\/v2\/types\/post"}],"author":[{"embeddable":true,"href":"https:\/\/www.theologie.uzh.ch\/apps\/gpi\/wp-json\/wp\/v2\/users\/1"}],"replies":[{"embeddable":true,"href":"https:\/\/www.theologie.uzh.ch\/apps\/gpi\/wp-json\/wp\/v2\/comments?post=4472"}],"version-history":[{"count":2,"href":"https:\/\/www.theologie.uzh.ch\/apps\/gpi\/wp-json\/wp\/v2\/posts\/4472\/revisions"}],"predecessor-version":[{"id":4474,"href":"https:\/\/www.theologie.uzh.ch\/apps\/gpi\/wp-json\/wp\/v2\/posts\/4472\/revisions\/4474"}],"wp:featuredmedia":[{"embeddable":true,"href":"https:\/\/www.theologie.uzh.ch\/apps\/gpi\/wp-json\/wp\/v2\/media\/3863"}],"wp:attachment":[{"href":"https:\/\/www.theologie.uzh.ch\/apps\/gpi\/wp-json\/wp\/v2\/media?parent=4472"}],"wp:term":[{"taxonomy":"category","embeddable":true,"href":"https:\/\/www.theologie.uzh.ch\/apps\/gpi\/wp-json\/wp\/v2\/categories?post=4472"},{"taxonomy":"post_tag","embeddable":true,"href":"https:\/\/www.theologie.uzh.ch\/apps\/gpi\/wp-json\/wp\/v2\/tags?post=4472"},{"taxonomy":"beitragende","embeddable":true,"href":"https:\/\/www.theologie.uzh.ch\/apps\/gpi\/wp-json\/wp\/v2\/beitragende?post=4472"},{"taxonomy":"predigtform","embeddable":true,"href":"https:\/\/www.theologie.uzh.ch\/apps\/gpi\/wp-json\/wp\/v2\/predigtform?post=4472"},{"taxonomy":"predigtreihe","embeddable":true,"href":"https:\/\/www.theologie.uzh.ch\/apps\/gpi\/wp-json\/wp\/v2\/predigtreihe?post=4472"},{"taxonomy":"bibelstelle","embeddable":true,"href":"https:\/\/www.theologie.uzh.ch\/apps\/gpi\/wp-json\/wp\/v2\/bibelstelle?post=4472"}],"curies":[{"name":"wp","href":"https:\/\/api.w.org\/{rel}","templated":true}]}}