{"id":4546,"date":"2021-02-26T10:05:22","date_gmt":"2021-02-26T09:05:22","guid":{"rendered":"https:\/\/theologie.whp.uzh.ch\/apps\/gpi\/?p=4546"},"modified":"2021-02-26T10:10:17","modified_gmt":"2021-02-26T09:10:17","slug":"como-piensa-dios","status":"publish","type":"post","link":"https:\/\/www.theologie.uzh.ch\/apps\/gpi\/como-piensa-dios\/","title":{"rendered":"\u00bfC\u00f3mo piensa Dios?"},"content":{"rendered":"<h3>Marcos 8:31-38 | Feb 28 2021 | Estela Andersen |<\/h3>\n<p>Reciban ustedes bendiciones y paz de parte de Dios, El que era, es y ha de venir. Am\u00e9n.<\/p>\n<p>El texto de hoy, Segundo Domingo de Cuaresma se encuentra en el evangelio de Marcos 8:31-38:<\/p>\n<p><em>\u201cJes\u00fas comenz\u00f3 a ense\u00f1arles que el Hijo del hombre deb\u00eda sufrir mucho y ser reprobado por los ancianos, los sumos sacerdotes y los escribas, que le matar\u00edan y que resucitar\u00eda a los tres d\u00edas. Hablaba de esto abiertamente. Pedro se lo llev\u00f3 aparte y se puso a reprenderle. Pero \u00e9l, volvi\u00e9ndose y mirando a sus disc\u00edpulos, reprendi\u00f3 a Pedro, dici\u00e9ndole: \u00ab\u00a1Qu\u00edtate de mi vista, Satan\u00e1s!, porque tus pensamientos no son los de Dios, sino los de los hombres.\u00bb<\/em><\/p>\n<p><em>Llamando a la gente a la vez que a sus disc\u00edpulos, les dijo: \u00abSi alguno quiere venir en pos de m\u00ed, ni\u00e9guese a s\u00ed mismo, tome su cruz y s\u00edgame. Porque quien quiera salvar su vida, la perder\u00e1; pero quien pierda su vida por m\u00ed y por el Evangelio, la salvar\u00e1. Pues \u00bfde qu\u00e9 le sirve al hombre ganar el mundo entero si arruina su vida? \u00bfqu\u00e9 puede dar el hombre a cambio de su vida? Porque quien se averg\u00fcence de m\u00ed y de mis palabras en esta generaci\u00f3n ad\u00faltera y pecadora, tambi\u00e9n el Hijo del hombre se avergonzar\u00e1 de \u00e9l cuando venga en la gloria de su Padre con los santos \u00e1ngeles.\u00bb\u201d Am\u00e9n.<\/em><\/p>\n<p>Jes\u00fas rechaza a Pedro cuando intenta persuadirlo para que abandone los planes que acaba de compartir con sus disc\u00edpulos. Le dice: <em>\u00ab\u00a1Qu\u00edtate de mi vista, Satan\u00e1s!, porque tus pensamientos no son los de Dios, sino los de los hombres.\u00bb<\/em><\/p>\n<p>Le dice \u201cSatan\u00e1s\u201d, que es el \u201cTentador\u201d, el mismo que con sus atractivas palabras convence a Ad\u00e1n y Eva a desobedecer a Dios para comer del fruto del \u00fanico \u00e1rbol del huerto que no deb\u00edan tocar. Pero tambi\u00e9n le deja claro que sus palabras reflejan el pensamiento humano.<\/p>\n<p>Ahora, \u00bfcu\u00e1les son los pensamientos de Dios? \u00bfc\u00f3mo piensa?<\/p>\n<p>El lugar m\u00e1s acertado para acercarnos a los pensamientos de Dios es la Biblia.<\/p>\n<p>El profeta Isa\u00edas (55:6-11) se refiere a Dios como <em>\u201cYahveh, el compasivo,\u2026 nuestro Dios, generoso en perd\u00f3n\u201d<\/em>, cuyos pensamientos y proyectos nos son los nuestros. Isa\u00edas dice que <em>\u201ccuanto se elevan los cielos sobre la tierra, del mismo modo se elevan mis proyectos sobre los vuestros y mis pensamientos sobre los vuestros. Del mismo modo que descienden la lluvia y la nieve de los cielos y no vuelven all\u00e1 de vac\u00edo, sino que empapan la tierra, la fecundan y la hacen germinar, para que d\u00e9 simiente al sembrador y produzca pan para comer; as\u00ed ser\u00e1 la palabra de mi boca: no tornar\u00e1 a m\u00ed de vac\u00edo, pues realizar\u00e1 lo que me he propuesto y ser\u00e1 eficaz en lo que le mande.\u201d<\/em><\/p>\n<p>Dios busca elevarnos por encima de nosotros mismos, present\u00e1ndonos proyectos que son buenos para nosotros y tambi\u00e9n para quienes nos rodean. Dios piensa como lograr que realmente seamos su reflejo, su imagen aqu\u00ed en la tierra.<\/p>\n<p>Los Salmos tambi\u00e9n son un buen lugar para descubrir qu\u00e9 es lo que Dios piensa. Quiero compartir algunos vers\u00edculos del Salmo 103 (3-14):<\/p>\n<p><em>&#8222;\u00c9l, que todas tus culpas perdona,<\/em><\/p>\n<p><em>que cura todas tus dolencias,<\/em><\/p>\n<p><em>rescata tu vida de la fosa,<\/em><\/p>\n<p><em>te corona de amor y de ternura,<\/em><\/p>\n<p><em>satura de bienes tu existencia,<\/em><\/p>\n<p><em>y tu juventud se renueva como la del \u00e1guila.<\/em><\/p>\n<p><em>Yahveh, realiza obras de justicia,<\/em><\/p>\n<p><em>y otorga el derecho al oprimido&#8230;<\/em><\/p>\n<p><em>\u00a0<\/em><\/p>\n<p><em>Yahveh es clemente y compasivo,<\/em><\/p>\n<p><em>lento a la c\u00f3lera y lleno de amor;<\/em><\/p>\n<p><em>no se querella eternamente<\/em><\/p>\n<p><em>ni para siempre guarda su rencor;<\/em><\/p>\n<p><em>no nos trata seg\u00fan nuestros yerros,<\/em><\/p>\n<p><em>ni nos paga seg\u00fan nuestras culpas\u2026<\/em><\/p>\n<p><em>\u00a0<\/em><\/p>\n<p><em>Como un padre se encari\u00f1a con sus hijos,<\/em><\/p>\n<p><em>as\u00ed de tierno es Yahveh con sus adeptos;<\/em><\/p>\n<p><em>que \u00e9l conoce de qu\u00e9 estamos hechos,<\/em><\/p>\n<p><em>sabe bien que s\u00f3lo somos polvo<\/em><em>.\u201d<\/em><\/p>\n<p>Cuando Jes\u00fas define a Dios como Amor, de alguna manera esa palabra resume el pensamiento de Dios, o lo que piensa, pero este Salmo enumera diferentes cuestiones que son fundamentales para nosotros en nuestra relaci\u00f3n con Dios: busca reconciliarse con nosotros, nos saca de los pozos en los que caemos en la vida, nos levanta, nos renueva y nos eleva por encima de nosotros mismos. Dios <em>\u201c\u2026sabe bien que s\u00f3lo somos polvo\u201d<\/em>, conoce nuestras limitaciones, nos acepta y nos ama como somos, como un pap\u00e1, una mam\u00e1 ama a sus hijos. Dios se enoja, pero no por mucho tiempo. Para quienes tenemos hij@s es m\u00e1s f\u00e1cil acercarnos a esos pensamientos de Dios, porque ell@s logran que nuestros pensamientos se eleven sobre nosotros mismos de manera tal que no logremos concebir el que nuestros hij@s est\u00e9n fuera de nuestros proyectos y planes.<\/p>\n<p>Luego de rechazar a Pedro por su actitud, y hay que decir que no busca disimular su enojo, Jes\u00fas habla a sus disc\u00edpulos y a la gente que estaba con ellos acerca de qu\u00e9 es lo que pretende: <em>\u00abSi alguno quiere venir en pos de m\u00ed, ni\u00e9guese a s\u00ed mismo, tome su cruz y s\u00edgame\u00bb<\/em>.<\/p>\n<p>\u00bfA qu\u00e9 se refiere Jes\u00fas cuando habla de la cruz?<\/p>\n<p>Para quienes lo escuchaban la cruz era el castigo propio del imperio Romano, era una escena de la vida cotidiana, un instrumento de castigo y ejecuci\u00f3n, un s\u00edmbolo de humillaci\u00f3n.<\/p>\n<p>Si bien los fenicios y cartagineses practicaban la crucifixi\u00f3n, fueron los romanos quienes la aplicaron ampliamente. S\u00f3lo los esclavos, los provincianos y los tipos m\u00e1s bajos de criminales eran crucificados, si bien tambi\u00e9n hubo ciudadanos romanos que fueron condenados a la cruz, pero fueron casos excepcionales. Parte del castigo era el azote con el flagelo (un l\u00e1tigo hecho de tiras de cuero) y cargar el pat\u00edbulo (o viga de la cruz) hasta el lugar de la crucifixi\u00f3n. Una vez en el lugar, se desnudaba totalmente al reo, se lo clavaba en el madero y se lo colgaba. En el trayecto hacia el lugar de crucifixi\u00f3n, un heraldo iba adelante con el t\u00edtulo o acusaci\u00f3n por la cual fue condenado a una muerte tan cruel y deshonrosa.<\/p>\n<p>No se escatimaba en causar dolor y verg\u00fcenza a la persona que era crucificada. \u00bfqui\u00e9n querr\u00eda correr semejante suerte? \u00bfqu\u00e9 invitaci\u00f3n estaba haciendo Jes\u00fas?<\/p>\n<p>Para quienes lo escuchaban seguramente habr\u00e1n sido palabras muy dif\u00edciles de digerir, palabras que ciertamente provocaban espanto antes que atracci\u00f3n.<\/p>\n<p>Y las que siguen, diciendo: <em>\u201cPorque quien se averg\u00fcence de m\u00ed y de mis palabras en esta generaci\u00f3n ad\u00faltera y pecadora, tambi\u00e9n el Hijo del hombre se avergonzar\u00e1 de \u00e9l cuando venga en la gloria de su Padre con los santos \u00e1ngeles\u201d.<\/em><\/p>\n<p>Jes\u00fas les invita a una muerte dolorosa y vergonzosa como lo era la cruz, y les dice <em>\u201cquien se averg\u00fcence de m\u00ed ser\u00e1 avergonzado cuando venga en la gloria\u201d<\/em>. S\u00f3lo comprendiendo este contexto es posible ver la magnitud de las palabras de Jes\u00fas: <em>\u201cni\u00e9guese a s\u00ed mismo\u201d<\/em>. Jes\u00fas invita a no pensar m\u00e1s en la opini\u00f3n de la gente y la condena social en pos de seguirlo a \u00e9l, de tomar esa cruz.<\/p>\n<p>Para nosotros, ya desde la resurrecci\u00f3n, o, de alguna manera: el final de la pel\u00edcula, aunque ciertamente \u00e9ste no es el final, sino el inicio, el seguimiento tomando la cruz, no tiene la carga de ese tiempo. Ya ni nos imaginamos el espanto que provocaron las palabras de Jes\u00fas a quienes lo escuchaban.<\/p>\n<p>Pero s\u00ed tiene mucho sentido el negarnos a nosotros mismos, dejar nuestro egocentrismo de lado, dejar de ser nosotros el centro de nuestras vidas para seguir el ejemplo de Jes\u00fas, caminar sobre sus pasos.<\/p>\n<p>Sus preguntas: <em>\u201c\u00bfde qu\u00e9 le sirve al hombre ganar el mundo entero si arruina su vida? \u00bfqu\u00e9 puede dar el hombre a cambio de su vida?\u201d<\/em> nos lleva a pensar en algunos textos de la literatura cl\u00e1sica, como lo es \u201cEl Fausto\u201d, una persona que pacta con el diablo para conseguir lo que quiere. De hecho, hay miles de historias con ese tema. De alguna manera, hasta incluso fuera del \u00e1mbito cristiano hay todo un relato con respecto a la persona que \u201cvende su alma a cambio de poder, fama y dinero\u201d.<\/p>\n<p>Pero volviendo a la pregunta inicial \u00bfqu\u00e9 piensa Dios? o \u00bfc\u00f3mo piensa Dios? \u00bfqu\u00e9 tiene que ver el seguimiento con esto de \u201ctener los mismos pensamientos de Dios?<\/p>\n<p>Tomar nuestra cruz y seguir a Jes\u00fas es buscar elevarnos por encima de nosotros mismos, no dej\u00e1ndonos llevar por el entorno, dejar nuestra comodidad de lado y buscar el bien com\u00fan, por encima de nuestros propios intereses. Tomar nuestra cruz y seguir a Jes\u00fas es, cada d\u00eda, ser m\u00e1s imagen y semejanza de Dios, buscar \u00e9sa nuestra esencia, aquella del inicio, antes de la desobediencia humana. Tomar nuestra cruz y seguir a Jes\u00fas es estar convencidos de que \u00e9sa es la forma de vivir que queremos, que buscamos y que tenemos la certeza de que es el \u00fanico proyecto que puede hacer el giro en el mundo que Dios, hace ya tantos a\u00f1os, est\u00e1 esperando que hagamos. Am\u00e9n.<\/p>\n<p>Querido Jes\u00fas, t\u00fa te animaste al dolor y la verg\u00fcenza de la cruz, te humillaste para luego ser enaltecido por Dios, permite que tambi\u00e9n nosotros nos animemos a ese maravilloso, pero tan dif\u00edcil al mismo tiempo, proyecto de Dios de elevarnos encima de nuestra humanidad y de vivir una vida para los dem\u00e1s. Sabemos que s\u00f3lo ah\u00ed la vida es plena y feliz, que lo que experimentamos en esa forma de vivir es mucho m\u00e1s gratificante que cualquier otro logro que podamos tener en la vida. Te lo pedimos en el nombre del Padre y del Hijo y del Esp\u00edritu Santo. Am\u00e9n.<\/p>\n<p>&#8212;<\/p>\n<p><strong>Estela Andersen<\/strong><\/p>\n<p><strong>Pastora de la Iglesia Evang\u00e9lica del R\u00edo de la Plata<\/strong><\/p>\n<p><strong>al servicio de la Congregaci\u00f3n Evang\u00e9lica Alemana General Alvear \u2013 Distrito Entre R\u00edos \u2013 Argentina<\/strong><\/p>\n<p><strong>mail: dannevirke63@gmail.com<\/strong><\/p>\n","protected":false},"excerpt":{"rendered":"<p>Marcos 8:31-38 | Feb 28 2021 | Estela Andersen | Reciban ustedes bendiciones y paz de parte de Dios, El que era, es y ha de venir. Am\u00e9n. El texto de hoy, Segundo Domingo de Cuaresma se encuentra en el evangelio de Marcos 8:31-38: \u201cJes\u00fas comenz\u00f3 a ense\u00f1arles que el Hijo del hombre deb\u00eda sufrir [&hellip;]<\/p>\n","protected":false},"author":1,"featured_media":4526,"comment_status":"closed","ping_status":"closed","sticky":false,"template":"","format":"standard","meta":{"footnotes":""},"categories":[37,157,108,113,159,559,3,109],"tags":[],"beitragende":[],"predigtform":[],"predigtreihe":[],"bibelstelle":[],"class_list":["post-4546","post","type-post","status-publish","format-standard","has-post-thumbnail","hentry","category-markus","category-beitragende","category-current","category-espa","category-estela-andersen","category-kapitel-08-chapter-08-markus","category-nt","category-predigten"],"_links":{"self":[{"href":"https:\/\/www.theologie.uzh.ch\/apps\/gpi\/wp-json\/wp\/v2\/posts\/4546","targetHints":{"allow":["GET"]}}],"collection":[{"href":"https:\/\/www.theologie.uzh.ch\/apps\/gpi\/wp-json\/wp\/v2\/posts"}],"about":[{"href":"https:\/\/www.theologie.uzh.ch\/apps\/gpi\/wp-json\/wp\/v2\/types\/post"}],"author":[{"embeddable":true,"href":"https:\/\/www.theologie.uzh.ch\/apps\/gpi\/wp-json\/wp\/v2\/users\/1"}],"replies":[{"embeddable":true,"href":"https:\/\/www.theologie.uzh.ch\/apps\/gpi\/wp-json\/wp\/v2\/comments?post=4546"}],"version-history":[{"count":5,"href":"https:\/\/www.theologie.uzh.ch\/apps\/gpi\/wp-json\/wp\/v2\/posts\/4546\/revisions"}],"predecessor-version":[{"id":4551,"href":"https:\/\/www.theologie.uzh.ch\/apps\/gpi\/wp-json\/wp\/v2\/posts\/4546\/revisions\/4551"}],"wp:featuredmedia":[{"embeddable":true,"href":"https:\/\/www.theologie.uzh.ch\/apps\/gpi\/wp-json\/wp\/v2\/media\/4526"}],"wp:attachment":[{"href":"https:\/\/www.theologie.uzh.ch\/apps\/gpi\/wp-json\/wp\/v2\/media?parent=4546"}],"wp:term":[{"taxonomy":"category","embeddable":true,"href":"https:\/\/www.theologie.uzh.ch\/apps\/gpi\/wp-json\/wp\/v2\/categories?post=4546"},{"taxonomy":"post_tag","embeddable":true,"href":"https:\/\/www.theologie.uzh.ch\/apps\/gpi\/wp-json\/wp\/v2\/tags?post=4546"},{"taxonomy":"beitragende","embeddable":true,"href":"https:\/\/www.theologie.uzh.ch\/apps\/gpi\/wp-json\/wp\/v2\/beitragende?post=4546"},{"taxonomy":"predigtform","embeddable":true,"href":"https:\/\/www.theologie.uzh.ch\/apps\/gpi\/wp-json\/wp\/v2\/predigtform?post=4546"},{"taxonomy":"predigtreihe","embeddable":true,"href":"https:\/\/www.theologie.uzh.ch\/apps\/gpi\/wp-json\/wp\/v2\/predigtreihe?post=4546"},{"taxonomy":"bibelstelle","embeddable":true,"href":"https:\/\/www.theologie.uzh.ch\/apps\/gpi\/wp-json\/wp\/v2\/bibelstelle?post=4546"}],"curies":[{"name":"wp","href":"https:\/\/api.w.org\/{rel}","templated":true}]}}