{"id":5592,"date":"2021-08-10T16:30:59","date_gmt":"2021-08-10T14:30:59","guid":{"rendered":"https:\/\/theologie.whp.uzh.ch\/apps\/gpi\/?p=5592"},"modified":"2021-08-10T17:21:33","modified_gmt":"2021-08-10T15:21:33","slug":"12o-domngo-apos-pent","status":"publish","type":"post","link":"https:\/\/www.theologie.uzh.ch\/apps\/gpi\/12o-domngo-apos-pent\/","title":{"rendered":"12\u00ba DOMNGO AP\u00d3S PENT."},"content":{"rendered":"<h3>PR\u00c9DICA PARA O 12\u00ba DOMNGO AP\u00d3S PENTECOSTES&nbsp; &#8211; 15.08.2021 | Texto b\u00edblico : Ef\u00e9sios 5.15-20 | Geraldo Graf |<\/h3>\n<p>A gra\u00e7a e a paz de Deus, nosso Pai, e do Senhor Jesus Cristo sejam com todos voc\u00eas.<\/p>\n<p>Irm\u00e3os e irm\u00e3s em Cristo!<\/p>\n<p>A palavra de Ef\u00e9sios 5.15-20 nos \u00e9 anunciada justamente numa \u00e9poca de polariza\u00e7\u00f5es e extremismos, quando pessoas se agridem mutuamente, sobretudo, nas redes sociais. Essa agressividade acaba se manifestando tamb\u00e9m na vida comunit\u00e1ria, o que causa sofrimento, abre feridas e compromete nossa credibilidade crist\u00e3. As pessoas costumam reagir a tudo isso de v\u00e1rias formas. Dentre elas, destacam-se: a forma ruidosa, quando pessoas \u201ccompram a briga\u201d e defendem fortemente suas convic\u00e7\u00f5es; ou a forma silenciosa, quando pessoas sofrem caladas e se afastam gradativamente da vida comunit\u00e1ria, por descontentamento ou press\u00e3o.<\/p>\n<p>O texto b\u00edblico nos lan\u00e7a um desafio e nos faz avaliar o nosso comportamento e as nossas atitudes. Afinal, somos crist\u00e3os, pertencemos a uma comunidade e se espera de n\u00f3s que tenhamos um jeito bem caracter\u00edstico de ser e de agir: <u>O jeito de nosso Senhor e Salvador Jesus Cristo.<\/u> Para tanto, Ef\u00e9sios 5.15-20 nos prop\u00f5e alguns passos a serem seguidos, os quais nos ajudar\u00e3o a enfrentar com firmeza e forte testemunho estes tempos dif\u00edceis que estamos atravessando.<\/p>\n<p>Somos convidados a n\u00e3o julgar precipitadamente o nosso pr\u00f3ximo, a n\u00e3o condenar preconceituosamente quem pensa e age diferente, mas, pelo contr\u00e1rio, devemos olhar para dentro de n\u00f3s mesmos, fazer uma autoan\u00e1lise, uma esp\u00e9cie de retiro espiritual, e examinar nosso jeito de ser e de (re)agir, e descobrir se ele corresponde ou n\u00e3o ao que Jesus Cristo espera de n\u00f3s.&nbsp; Esta autoan\u00e1lise \u00e9 necess\u00e1ria para identificarmos nossas fraquezas e nossos pecados e, consequentemente, pedirmos perd\u00e3o a Deus e transformarmos nossa vida. N\u00e3o podemos querer avaliar a vida das outras pessoas e n\u00e3o consertar a nossa pr\u00f3pria vida (Mateus 7.3).<\/p>\n<p>O texto b\u00edblico afirma: \u201cCuidem da maneira como voc\u00eas vivem. N\u00e3o sejam tolos, mas s\u00e1bios\u201d. A nossa maneira de viver deve refletir a nossa f\u00e9 e a nossa perten\u00e7a a Jesus Cristo. Certa vez, algu\u00e9m disse que o nosso jeito de ser, muito mais do que nossas palavras, \u00e9 o primeiro e muitas vezes o \u00fanico evangelho que as pessoas leem. Se houver contradi\u00e7\u00e3o e descompasso entre nossas palavras e a maneira como n\u00f3s nos comportamos, certamente nosso testemunho ser\u00e1 em v\u00e3o. Conforme Prov\u00e9rbios 1.7, \u201cO temor do Senhor \u00e9 o princ\u00edpio da sabedoria\u201d. Ser uma pessoa s\u00e1bia \u00e9 perguntar e se orientar primeiro pela vontade de Deus. Esse olhar para dentro de si mesmo\/a \u00e9 o primeiro passo importante, que norteia o jeito crist\u00e3o de ser, de falar e de agir.<\/p>\n<p>Essa necessidade de autoan\u00e1lise faz lembrar-nos da hist\u00f3ria daquela mulher, que diariamente fazia coment\u00e1rios negativos sobre a roupa suja pendurada no varal da vizinha. Certo dia, ela comentou com o marido: \u201cHoje finalmente a roupa da vizinha est\u00e1 limpa no varal\u201d. Ao que o marido respondeu: \u201c\u00c9 que hoje eu lavei os vidros da janela de nossa casa\u201d. Este conselho b\u00edblico \u00e9 fundamental, pois n\u00f3s vivemos numa \u00e9poca em que as informa\u00e7\u00f5es v\u00eam muito r\u00e1pido e nos atropelam, o que dificulta passarmos as mesmas pelo crivo do evangelho \u2013 lembramos aqui das tr\u00eas peneiras de S\u00f3crates: Verdade, bondade e necessidade. Sem esses crit\u00e9rios, reproduzimos e compartilhamos informa\u00e7\u00f5es, que nem sempre s\u00e3o verdadeiras e cujo \u00fanico objetivo \u00e9 confundir e espalhar o mal. Se n\u00e3o tomarmos cuidado, acabamos nos tornando instrumentos da dissemina\u00e7\u00e3o de mentiras e \u00f3dio, o que contradiz nossa vida crist\u00e3. Por isso, \u00e9 t\u00e3o importante examinar e cuidar da nossa maneira de viver. Descobriremos que o problema nem sempre est\u00e1 no varal dos outros, mas que \u00e9 necess\u00e1rio primeiro lavar nossas pr\u00f3pria vidra\u00e7a, que \u00e9 preciso rever nossos conceitos e eliminar nossos preconceitos. Descobriremos que todos n\u00f3s somos igualmente dependentes da miseric\u00f3rdia e do perd\u00e3o de Deus. Nosso crit\u00e9rio de sermos \u201cpessoas de bem\u201d n\u00e3o devem ser os defeitos das outras pessoas, mas o evangelho de Jesus Cristo.<\/p>\n<p>Outro conselho que o texto b\u00edblico nos d\u00e1 \u00e9 sabermos aproveitar bem o tempo, sobretudo nesses dias maus e dif\u00edceis. Tem muita gente que pensa que \u201caproveitar o tempo\u201d \u00e9 correr contra o rel\u00f3gio, aproveitar o m\u00e1ximo poss\u00edvel para ganhar dinheiro, para produzir mais ou para se divertir muito. \u00c9 o famoso ditado latino \u201ccarpe diem\u201d. Esse tipo de pensamento e de atitude facilmente nos tornam ego\u00edstas, porque pensar nos outros e se preocupar por eles seria preju\u00edzo e perda de tempo. Em seu original grego, o texto de Ef\u00e9sios 5.15-20 usa o termo KAIR\u00d3S para a palavra tempo. Kair\u00f3s \u00e9 o tempo de Deus e n\u00e3o \u00e9 ligado ao tempo cronol\u00f3gico (o correr contra o rel\u00f3gio). Kair\u00f3s \u00e9 a oportunidade, o tempo exato, que Deus nos oferece para praticarmos a sua vontade. Tamb\u00e9m os dias maus, os tempos dif\u00edceis, s\u00e3o Kair\u00f3s \u2013 oportunidades \u2013 para testemunharmos e vivenciarmos o amor de Deus. Ao inv\u00e9s de reclamarmos sobre as dificuldades, de reagirmos negativamente, de desanimarmos e nos resignarmos diante do mal que nos rodeia, especialmente neste tempo de pandemia, n\u00f3s somos chamados a agir, aproveitar o tempo, as oportunidades que Deus nos oferece para colocar o seu amor em pr\u00e1tica.<\/p>\n<p>Ef\u00e9sios 5.15-20 tamb\u00e9m nos diz que n\u00e3o devemos deixar que o vinho nos domine, mas permitir que o Esp\u00edrito Santo tome conta de n\u00f3s (Atos 2.13: O Esp\u00edrito Santo nos \u201cembriaga\u201d com o poder de Deus). N\u00f3s sabemos que a depend\u00eancia de bebida alco\u00f3lica turba nossos pensamentos, trava nossas decis\u00f5es e nos faz cair cada vez mais fundo. Tal qual a bebida alco\u00f3lica, existem muitas outras coisas que tamb\u00e9m nos viciam, dominam, confundem e provocam nossa perdi\u00e7\u00e3o: Entre outras, o extremismo e o fanatismo impedem que enxerguemos direito; o ego\u00edsmo nos vicia; os preconceitos turbam nosso cora\u00e7\u00e3o. Tornamo-nos pessoas m\u00e1s, rancorosas e amarguradas. A refer\u00eancia aos efeitos da bebida alco\u00f3lica \u00e9 um comparativo para tudo isso. Se \u00e9 para ser dominado por algo, que seja pelo Esp\u00edrito Santo, diz o texto b\u00edblico. O Esp\u00edrito Santo nos enche de coragem para o testemunho, ele nos faz viver em comunidade, ele nos aproxima do evangelho, ele desperta a nossa f\u00e9 (explica\u00e7\u00e3o do 3\u00ba Artigo do Credo Apost\u00f3lico \u2013 Lutero) e nos anima para praticarmos o amor de Deus. O Esp\u00edrito Santo nos faz enxergar a verdade. Em Jo\u00e3o 15.26, 16.13, Jesus Cristo diz: \u201cQuando vier o Consolador, o Esp\u00edrito da verdade, ele dar\u00e1 testemunho de mim&#8230; ele os guiar\u00e1 em toda a verdade&#8230;\u201d. N\u00f3s n\u00e3o estamos sozinhos, abandonados. O Esp\u00edrito de Deus nos arranca da imobilidade, do torpor, do v\u00edcio, do medo, do erro e do preconceito e nos encoraja para a viv\u00eancia compartilhada da f\u00e9.<\/p>\n<p>N\u00f3s tamb\u00e9m somos convidados a animar uns aos outros com salmos, hinos e louvor a Deus. O c\u00e2ntico \u00e9 uma forma de alimentar nossa espiritualidade. Abre-se assim o cora\u00e7\u00e3o para que Deus opere o milagre da f\u00e9 em nossa vida. Muitas fam\u00edlias crist\u00e3s cantam enquanto realizam seu trabalho. O canto contagia as pessoas e \u00e9 uma \u00f3tima oportunidade de evangeliza\u00e7\u00e3o. Com o c\u00e2ntico, n\u00f3s expressamos a nossa gratid\u00e3o a Deus, reconhecendo o seu amor por meio de Jesus Cristo. Atribui-se a Martim Lutero a famosa frase: \u201cOnde se canta, ali te assenta, pois n\u00e3o h\u00e1 espa\u00e7o para o mal\u201d. Com a repeti\u00e7\u00e3o de vers\u00edculos b\u00edblicos, sobretudo de salmos conhecidos, internalizamos a palavra de Deus e preparamos nosso cora\u00e7\u00e3o para perceber o agir de Deus em nossa vida. Deus faz chegar a n\u00f3s a sua palavra e desperta a nossa f\u00e9 atrav\u00e9s do Esp\u00edrito Santo. Ele prepara a nossa mente e o nosso cora\u00e7\u00e3o para que neles habite somente a sua vontade e saibamos discernir entre aquilo que promove a Cristo e aquilo que confunde, atrapalha e compromete a comunh\u00e3o e o testemunho da comunidade.<\/p>\n<p>Portanto: Cuidemos da maneira como vivemos, busquemos a sabedoria que vem do alto, libertando-nos de tudo que atrapalha nosso testemunho e nossa viv\u00eancia comunit\u00e1ria.<\/p>\n<p>Saibamos abra\u00e7ar as oportunidades que Deus coloca diante de n\u00f3s para vivenciarmos a f\u00e9 de forma amorosa e compartilhada.<\/p>\n<p>Permitamos que o Esp\u00edrito Santo aponte qual deve ser o nosso Norte e nos conduza numa vida equilibrada e coerente com o evangelho de Cristo.<\/p>\n<p>E que os c\u00e2nticos e hinos de louvor, que reproduzem de forma cantada a palavra de Deus, possam ser tamb\u00e9m uma forma de edifica\u00e7\u00e3o de nossa vida de f\u00e9 e comunit\u00e1ria.&nbsp; \u2013 E que a boca fale do louvor que preenche o nosso cora\u00e7\u00e3o.<\/p>\n<p>Am\u00e9m<\/p>\n<p>Pastor em. Geraldo Graf<\/p>\n<p><a href=\"mailto:g.graf@uol.com.br\">g.graf@uol.com.br<\/a><\/p>\n<p>S\u00e3o Jos\u00e9 do Rio Preto\/SP<\/p>\n","protected":false},"excerpt":{"rendered":"<p>PR\u00c9DICA PARA O 12\u00ba DOMNGO AP\u00d3S PENTECOSTES&nbsp; &#8211; 15.08.2021 | Texto b\u00edblico : Ef\u00e9sios 5.15-20 | Geraldo Graf | A gra\u00e7a e a paz de Deus, nosso Pai, e do Senhor Jesus Cristo sejam com todos voc\u00eas. Irm\u00e3os e irm\u00e3s em Cristo! A palavra de Ef\u00e9sios 5.15-20 nos \u00e9 anunciada justamente numa \u00e9poca de polariza\u00e7\u00f5es [&hellip;]<\/p>\n","protected":false},"author":1,"featured_media":5372,"comment_status":"closed","ping_status":"closed","sticky":false,"template":"","format":"standard","meta":{"footnotes":""},"categories":[45,157,108,171,689,3,112,109],"tags":[],"beitragende":[],"predigtform":[],"predigtreihe":[],"bibelstelle":[],"class_list":["post-5592","post","type-post","status-publish","format-standard","has-post-thumbnail","hentry","category-epheser","category-beitragende","category-current","category-geraldo-graf","category-kapitel-05-chapter-05-epheser","category-nt","category-port","category-predigten"],"_links":{"self":[{"href":"https:\/\/www.theologie.uzh.ch\/apps\/gpi\/wp-json\/wp\/v2\/posts\/5592","targetHints":{"allow":["GET"]}}],"collection":[{"href":"https:\/\/www.theologie.uzh.ch\/apps\/gpi\/wp-json\/wp\/v2\/posts"}],"about":[{"href":"https:\/\/www.theologie.uzh.ch\/apps\/gpi\/wp-json\/wp\/v2\/types\/post"}],"author":[{"embeddable":true,"href":"https:\/\/www.theologie.uzh.ch\/apps\/gpi\/wp-json\/wp\/v2\/users\/1"}],"replies":[{"embeddable":true,"href":"https:\/\/www.theologie.uzh.ch\/apps\/gpi\/wp-json\/wp\/v2\/comments?post=5592"}],"version-history":[{"count":2,"href":"https:\/\/www.theologie.uzh.ch\/apps\/gpi\/wp-json\/wp\/v2\/posts\/5592\/revisions"}],"predecessor-version":[{"id":5594,"href":"https:\/\/www.theologie.uzh.ch\/apps\/gpi\/wp-json\/wp\/v2\/posts\/5592\/revisions\/5594"}],"wp:featuredmedia":[{"embeddable":true,"href":"https:\/\/www.theologie.uzh.ch\/apps\/gpi\/wp-json\/wp\/v2\/media\/5372"}],"wp:attachment":[{"href":"https:\/\/www.theologie.uzh.ch\/apps\/gpi\/wp-json\/wp\/v2\/media?parent=5592"}],"wp:term":[{"taxonomy":"category","embeddable":true,"href":"https:\/\/www.theologie.uzh.ch\/apps\/gpi\/wp-json\/wp\/v2\/categories?post=5592"},{"taxonomy":"post_tag","embeddable":true,"href":"https:\/\/www.theologie.uzh.ch\/apps\/gpi\/wp-json\/wp\/v2\/tags?post=5592"},{"taxonomy":"beitragende","embeddable":true,"href":"https:\/\/www.theologie.uzh.ch\/apps\/gpi\/wp-json\/wp\/v2\/beitragende?post=5592"},{"taxonomy":"predigtform","embeddable":true,"href":"https:\/\/www.theologie.uzh.ch\/apps\/gpi\/wp-json\/wp\/v2\/predigtform?post=5592"},{"taxonomy":"predigtreihe","embeddable":true,"href":"https:\/\/www.theologie.uzh.ch\/apps\/gpi\/wp-json\/wp\/v2\/predigtreihe?post=5592"},{"taxonomy":"bibelstelle","embeddable":true,"href":"https:\/\/www.theologie.uzh.ch\/apps\/gpi\/wp-json\/wp\/v2\/bibelstelle?post=5592"}],"curies":[{"name":"wp","href":"https:\/\/api.w.org\/{rel}","templated":true}]}}