{"id":5812,"date":"2021-09-22T16:57:06","date_gmt":"2021-09-22T14:57:06","guid":{"rendered":"https:\/\/theologie.whp.uzh.ch\/apps\/gpi\/?p=5812"},"modified":"2021-09-22T17:06:20","modified_gmt":"2021-09-22T15:06:20","slug":"5812-2","status":"publish","type":"post","link":"https:\/\/www.theologie.uzh.ch\/apps\/gpi\/5812-2\/","title":{"rendered":"Marcos 9:38-50"},"content":{"rendered":"<h3><strong>Manos, pies y ojos al servicio de Dios | <\/strong><strong>Marcos 9:38-50 | Estela Andersen |\u00a0<\/strong><\/h3>\n<p>Reciban ustedes bendiciones y paz de parte de Dios, El que era, es y ha de venir. Am\u00e9n.<\/p>\n<p>El texto de hoy, D\u00e9cimo S\u00e9ptimo Domingo despu\u00e9s de Pentecost\u00e9s se encuentra en el evangelio de Marcos 9:38-50:<\/p>\n<p><em>&#8222;Juan le dijo: \u00abMaestro, hemos visto a uno que expulsaba demonios en tu nombre, pero, como no viene con nosotros, hemos tratamos de imped\u00edrselo.\u00bb Pero Jes\u00fas dijo: \u00abNo se lo impid\u00e1is, pues no hay nadie que obre un milagro invocando mi nombre y que luego sea capaz de hablar mal de m\u00ed. Pues el que no est\u00e1 contra nosotros, est\u00e1 por nosotros.\u00bb<\/em><\/p>\n<p><em>\u00abTodo aquel que os d\u00e9 de beber un vaso de agua por el hecho de que sois de Cristo, os aseguro que no perder\u00e1 su recompensa.\u00bb<\/em><\/p>\n<p><em>\u00abY al que escandalice a uno de estos peque\u00f1os que creen, le ir\u00eda mejor si le pusieran al cuello una de esas piedras de molino que mueven los asnos y que le echasen al mar. Y si tu mano te es ocasi\u00f3n de tropiezo, c\u00f3rtatela; m\u00e1s vale que entres manco en la Vida que ir con las dos manos a la Gehenna, al fuego que no se apaga. Y si tu pie te es ocasi\u00f3n de tropiezo, c\u00f3rtatelo; m\u00e1s vale que entres cojo en la Vida que ser arrojado con los dos pies a la Gehenna. Y si tu ojo te es ocasi\u00f3n de tropiezo, s\u00e1catelo; m\u00e1s vale que entres con un solo ojo en el Reino de Dios que ser arrojado con los dos ojos a la Gehenna, donde su gusano no muere y el fuego no se apaga; pues todos han de ser salados con fuego. Buena es la sal; mas si la sal se vuelve ins\u00edpida, \u00bfcon qu\u00e9 la sazonar\u00e9is? Tened sal en vosotros y tened paz unos con otros.\u00bb&#8220; <\/em>Am\u00e9n.<\/p>\n<p>El texto que hoy compartimos habla acerca de tres miembros del cuerpo con el que nos relacionamos con las personas que nos rodean: las manos, los pies y los ojos. Y lo interesante es que son de partes de nuestro cuerpo que son pares, aunque nos falte uno, podemos arregl\u00e1rnosla bastante bien.<\/p>\n<p>En el uso de nuestras manos nos parecemos a nuestro Dios creador: nos sirven para modelar o formar algo, como \u00e9l lo hizo en el inicio. Con ellas asimos los objetos, sostenemos a las personas, acariciamos y protegemos. Pero tambi\u00e9n nos sirven para aferrarnos y no caer, para colgarnos de algo y para llevarnos los alimentos a la boca. Una vida sin manos nos hace absolutamente dependientes de otras personas.<\/p>\n<p>Si nos ponemos a pensar cu\u00e1ntas veces al d\u00eda usamos nuestras manos, nos vamos a dar cuenta de que no descansan nunca: al levantarnos con ellas nos lavamos la cara, tomamos el peine para acomodar nuestro cabello, preparamos el desayuno, levantamos a nuestros hijos\u2026 y as\u00ed seguimos toda la jornada hasta la noche.<\/p>\n<p>Hay manos de todo tipo, y cada mano es un poco la historia de cada persona: su trabajo, su hobby, sus tareas de la vida cotidiana. As\u00ed, las manos de un campesino son r\u00fasticas y callosas, mientras que las de un oficinista son delicadas y suaves, las manos de mujer a veces tienen u\u00f1as largas y pintadas, pero la que trabaja en la cocina las puede tener repleta de cicatrices de cortes y quemaduras.<\/p>\n<p>Las manos pueden realizar hermosas tareas y gestos de amor y solidaridad incre\u00edbles, pero tambi\u00e9n pueden hacer mucho da\u00f1o, incluso matar. Esas mismas manos que acarician pueden golpear y lastimar. Todo depende de su due\u00f1o, de quien las maneja, de sus intenciones, de su coraz\u00f3n.<\/p>\n<p>Los pies nos permiten trasladarnos, movernos de un lado a otro seg\u00fan nuestra voluntad. Tambi\u00e9n en eso nos parecemos a nuestro Dios creador, que cuando caminaba por el Ed\u00e9n se dio cuenta de que Ad\u00e1n y Eva se estaban comportando de una manera extra\u00f1a, inusual, porque hab\u00edan desobedecido a su pedido: que no comieran del \u00e1rbol del conocimiento.<\/p>\n<p>En un tiempo era casi lo \u00fanico que ten\u00edamos para trasladarnos, as\u00ed las personas caminaban largas distancias. Hoy, con toda la tecnolog\u00eda, nos movemos de muchas maneras, sin embargo nuestros pies son fundamentales: si no los usamos para caminar, con ellos manejamos el veh\u00edculo, el caballo o el medio de transporte al que accedamos.<\/p>\n<p>Con nuestros pies no s\u00f3lo caminamos: saltamos, corremos, bailamos y hasta nos trasladamos en el agua, esto es, nadamos. Nuestros pies nos traen muchas satisfacciones: hacemos caminatas, deportes, juegos\u2026 Pero tambi\u00e9n nos sirven para escapar, para salir corriendo cuando estamos en peligro. Es dif\u00edcil imaginarse una vida sin nuestros pies, si bien muchas personas se manejan perfectamente en la vida con silla de ruedas o alg\u00fan elemento ortop\u00e9dico, incluso compiten en diferentes disciplinas en deportes que tal vez nosotros ni logramos hacer.<\/p>\n<p>Esos mismos pies que nos llevan a diferentes lugares por la vida pueden hacer mucho da\u00f1o, pateando, pisoteando, atacando a otra persona con violencia o distribuyendo el mal en su caminar.<\/p>\n<p>Dicen que los ojos son el reflejo del alma y que una mirada lo dice todo\u2026 podr\u00edamos decir \u00bfqu\u00e9 da\u00f1o podr\u00edamos hacer con los ojos?<\/p>\n<p>Con nuestros ojos descubrimos el mundo, vemos lo que sucede a nuestro alrededor, disfrutamos de la maravillosa naturaleza que Dios ha creado. Tambi\u00e9n los ojos son parte de nuestro parecido con Dios: \u00c9l nos ve, no importa donde estemos o a donde vayamos, aunque busquemos escondernos de su vista.<\/p>\n<p>\u00bfQui\u00e9n no ha sido marcado por una mirada? \u00bfQui\u00e9n no tiene guardada en su memoria alguna mirada inolvidable? A trav\u00e9s de nuestra mirada podemos inspirar confianza, transmitir amor, aceptaci\u00f3n del otro, admiraci\u00f3n; pero tambi\u00e9n podemos ser hostiles, hacer que la persona que se acerca se sienta inc\u00f3moda. Con una mirada podemos desaprobar una persona, darle a entender claramente nuestro enojo o nuestra tristeza o desilusi\u00f3n. De hecho buscamos la mirada de las personas que nos rodean para saber si nos estamos entendiendo, escuchando.<\/p>\n<p>Los ojos ven, analizan y a partir de ah\u00ed tomamos decisiones. Nuestra forma de ver las cosas determina nuestra relaci\u00f3n con las personas que nos rodean. Nuestros ojos juzgan y condenan, y aunque creamos que no podemos hacer da\u00f1o con los ojos, s\u00ed lo podemos hacer y mucho. Porque al decir o contar lo que vemos, nuestra mirada es determinante, si nuestra forma de ver las cosas es tergiversada, o intencionalmente da\u00f1ina, podemos destruir a una persona. Podemos traicionarla contando una infidencia, una intimidad que vimos. Pero a veces no hace falta ni siquiera hablar, porque el hielo que sale de nuestros ojos es tan fr\u00edo, tan duro, que alcanza para destruir a la otra persona.<\/p>\n<p>El texto de hoy finaliza diciendo: <em>\u201cBuena es la sal; mas si la sal se vuelve ins\u00edpida, \u00bfcon qu\u00e9 la sazonar\u00e9is? Tened sal en vosotros y tened paz unos con otros\u201d<\/em>, de la misma manera que la sal es buena, nuestras manos, nuestros pies y nuestros ojos son buenos, son fundamentales para nuestra percepci\u00f3n del mundo, para relacionarnos con las dem\u00e1s personas, pero tambi\u00e9n para nuestra vida, para que la podamos vivir de forma intensa, pero tambi\u00e9n para los dem\u00e1s, al servicio de las personas que nos rodean.<\/p>\n<p><em>\u00abTodo aquel que os d\u00e9 de beber un vaso de agua por el hecho de que sois de Cristo, os aseguro que no perder\u00e1 su recompensa\u00bb<\/em>, dice el texto tambi\u00e9n, Dios nos llama a que usemos nuestros miembros para servir, y sobre todo para tener paz unos con otros.<\/p>\n<p>\u00a1Qu\u00e9 bueno que es pensar que nuestro cuerpo, perfecto en todas sus funciones es la herramienta que Dios usa para que el mundo lo conozca, que conozca el mensaje de Jes\u00fas!<\/p>\n<p>No perdamos el tiempo compitiendo entre nosotros, desacredit\u00e1ndonos entre nosotros en la transmisi\u00f3n del evangelio, aprovechemos nuestras manos para estrecharnos, nuestros pies para caminar juntos y nuestros ojos para ver la gran tarea que tenemos por delante, miremos a la gente con misericordia, como Dios lo hace con nosotros. Busquemos que nuestra mirada sea amigable para que a trav\u00e9s de ella las personas se sientan atra\u00eddas a Cristo. Am\u00e9n.<\/p>\n<p>Amado Dios, t\u00fa nos creaste a tu imagen y semejanza, nos tomas de las manos, nos llevas con amor por la vida y nos miras con cari\u00f1o, permite que tambi\u00e9n nosotros nos conduzcamos de la misma manera y usemos nuestros miembros siempre para hacer el bien y tener paz entre nosotros, esa paz que tanta falta hace en este mundo convulsionado y sin amor en el que vivimos. Te lo pedimos en el nombre del Padre, del Hijo y del Esp\u00edritu Santo. Am\u00e9n.<\/p>\n<p>Estela Andersen<\/p>\n<p>Pastora de la Iglesia Evang\u00e9lica del R\u00edo de la Plata<\/p>\n<p>al servicio de la Congregaci\u00f3n Evang\u00e9lica Alemana General Alvear \u2013 Distrito Entre R\u00edos \u2013 Argentina<\/p>\n<p>mail: dannevirke63@gmail.com<\/p>\n","protected":false},"excerpt":{"rendered":"<p>Manos, pies y ojos al servicio de Dios | Marcos 9:38-50 | Estela Andersen |\u00a0 Reciban ustedes bendiciones y paz de parte de Dios, El que era, es y ha de venir. Am\u00e9n. El texto de hoy, D\u00e9cimo S\u00e9ptimo Domingo despu\u00e9s de Pentecost\u00e9s se encuentra en el evangelio de Marcos 9:38-50: &#8222;Juan le dijo: \u00abMaestro, [&hellip;]<\/p>\n","protected":false},"author":1,"featured_media":5739,"comment_status":"closed","ping_status":"closed","sticky":false,"template":"","format":"standard","meta":{"footnotes":""},"categories":[37,157,108,113,159,219,3,109],"tags":[],"beitragende":[],"predigtform":[],"predigtreihe":[],"bibelstelle":[],"class_list":["post-5812","post","type-post","status-publish","format-standard","has-post-thumbnail","hentry","category-markus","category-beitragende","category-current","category-espa","category-estela-andersen","category-kapitel-9-chapter-9-markus","category-nt","category-predigten"],"_links":{"self":[{"href":"https:\/\/www.theologie.uzh.ch\/apps\/gpi\/wp-json\/wp\/v2\/posts\/5812","targetHints":{"allow":["GET"]}}],"collection":[{"href":"https:\/\/www.theologie.uzh.ch\/apps\/gpi\/wp-json\/wp\/v2\/posts"}],"about":[{"href":"https:\/\/www.theologie.uzh.ch\/apps\/gpi\/wp-json\/wp\/v2\/types\/post"}],"author":[{"embeddable":true,"href":"https:\/\/www.theologie.uzh.ch\/apps\/gpi\/wp-json\/wp\/v2\/users\/1"}],"replies":[{"embeddable":true,"href":"https:\/\/www.theologie.uzh.ch\/apps\/gpi\/wp-json\/wp\/v2\/comments?post=5812"}],"version-history":[{"count":2,"href":"https:\/\/www.theologie.uzh.ch\/apps\/gpi\/wp-json\/wp\/v2\/posts\/5812\/revisions"}],"predecessor-version":[{"id":5814,"href":"https:\/\/www.theologie.uzh.ch\/apps\/gpi\/wp-json\/wp\/v2\/posts\/5812\/revisions\/5814"}],"wp:featuredmedia":[{"embeddable":true,"href":"https:\/\/www.theologie.uzh.ch\/apps\/gpi\/wp-json\/wp\/v2\/media\/5739"}],"wp:attachment":[{"href":"https:\/\/www.theologie.uzh.ch\/apps\/gpi\/wp-json\/wp\/v2\/media?parent=5812"}],"wp:term":[{"taxonomy":"category","embeddable":true,"href":"https:\/\/www.theologie.uzh.ch\/apps\/gpi\/wp-json\/wp\/v2\/categories?post=5812"},{"taxonomy":"post_tag","embeddable":true,"href":"https:\/\/www.theologie.uzh.ch\/apps\/gpi\/wp-json\/wp\/v2\/tags?post=5812"},{"taxonomy":"beitragende","embeddable":true,"href":"https:\/\/www.theologie.uzh.ch\/apps\/gpi\/wp-json\/wp\/v2\/beitragende?post=5812"},{"taxonomy":"predigtform","embeddable":true,"href":"https:\/\/www.theologie.uzh.ch\/apps\/gpi\/wp-json\/wp\/v2\/predigtform?post=5812"},{"taxonomy":"predigtreihe","embeddable":true,"href":"https:\/\/www.theologie.uzh.ch\/apps\/gpi\/wp-json\/wp\/v2\/predigtreihe?post=5812"},{"taxonomy":"bibelstelle","embeddable":true,"href":"https:\/\/www.theologie.uzh.ch\/apps\/gpi\/wp-json\/wp\/v2\/bibelstelle?post=5812"}],"curies":[{"name":"wp","href":"https:\/\/api.w.org\/{rel}","templated":true}]}}