{"id":6573,"date":"2021-12-21T18:46:39","date_gmt":"2021-12-21T17:46:39","guid":{"rendered":"https:\/\/theologie.whp.uzh.ch\/apps\/gpi\/?p=6573"},"modified":"2021-12-21T19:49:23","modified_gmt":"2021-12-21T18:49:23","slug":"noite-de-natal-isaias-11","status":"publish","type":"post","link":"https:\/\/www.theologie.uzh.ch\/apps\/gpi\/noite-de-natal-isaias-11\/","title":{"rendered":"NOITE DE NATAL | Isa\u00edas 11"},"content":{"rendered":"<h3>PR\u00c9DICA PARA A NOITE DE NATAL \u2013 24.12.2021 | Isa\u00edas 11 | \u201cHoje sE LHES NASCEU O SALVADOR | Baldur van Kaick |<\/h3>\n<p>\u201c<em>Gra\u00e7a e paz sejam convosco, da parte de Deus, nosso Pai, e do Senhor Jesus Cristo. Am\u00e9m.\u201d<\/em><\/p>\n<p><em>\u00a0<\/em>O texto b\u00edblico para a Noite de Natal encontra-se em Isa\u00edas 11 e tem o seguinte teor:<\/p>\n<p><em>&#8222;Do tronco de Jess\u00e9 sair\u00e1 um rebento,\u2009e das suas ra\u00edzes\u2009 brotar\u00e1 um renovo. Repousar\u00e1 sobre ele o Esp\u00edrito do SENHOR,\u2009o Esp\u00edrito de sabedoria e de entendimento, o Esp\u00edrito de conselho e de fortaleza, o Esp\u00edrito de conhecimento e de temor do SENHOR. Ele ter\u00e1 o seu prazer no temor do SENHOR. N\u00e3o julgar\u00e1 segundo a apar\u00eancia, nem decidir\u00e1 pelo que ouviu dizer, mas julgar\u00e1 com justi\u00e7a os pobres e decidir\u00e1 com equidade a favor dos mansos da terra.\u2009Castigar\u00e1 a terra com a vara de sua boca e com o sopro dos seus l\u00e1bios matar\u00e1\u2009o perverso. O cinto dele ser\u00e1 a justi\u00e7a, e a verdade ser\u00e1 a faixa na cintura. O lobo habitar\u00e1 com o cordeiro, o leopardo se deitar\u00e1 junto do cabrito, o bezerro, o le\u00e3o novo e o novilho gordo andar\u00e3o juntos, e um pequenino os guiar\u00e1. A vaca e a ursa pastar\u00e3o juntas, e as suas crias juntas se deitar\u00e3o; e o le\u00e3o comer\u00e1 palha como o boi. A crian\u00e7a de peito brincar\u00e1 sobre a toca da cobra, e o j\u00e1 desmamado meter\u00e1 a m\u00e3o no ninho da serpente.\u00a0 N\u00e3o se far\u00e1 mal nem dano algum em todo o meu santo monte, porque a terra se encher\u00e1\u2009do conhecimento do SENHOR, como as \u00e1guas cobrem o mar.\u2009&#8220;<\/em><\/p>\n<p>Estimadas irm\u00e3s e irm\u00e3os!<\/p>\n<p>I<\/p>\n<p>Que passagem b\u00edblica maravilhosa! Deus promete um mundo onde o lobo habitar\u00e1 com o cordeiro, a criancinha meter\u00e1 a m\u00e3o no ninho da serpente e n\u00e3o lhe acontecer\u00e1 dano algum. N\u00e3o haver\u00e1 quem \u00e9 pobre nem quem \u00e9 perverso e na terra habitar\u00e1 a justi\u00e7a. Ela estar\u00e1 \u201ccheia do conhecimento do Senhor, como as \u00e1guas cobrem o mar\u201d. Tudo suceder\u00e1 no nascimento do rebento das ra\u00edzes de Jess\u00e9!<\/p>\n<p>Na Noite de Natal nos desejamos Feliz Natal. Nas casas pinheirinhos com suas luzinhas iluminam o ambiente. Crian\u00e7as abrem alegres os seus presentes, adultos se sentem realizados, apesar dos muitos desgastes antes do Natal, e todos est\u00e3o felizes. Ou n\u00e3o? Eu pessoalmente, agora idoso, recordo os natais da inf\u00e2ncia. Eram tempos de pen\u00faria. Os pais haviam sido obrigados por decreto governamental a abandonar as propriedades no Litoral, onde moravam. Eram tempos de guerra. Foram colocados no trem e despejados na cidade grande, sem destino. Sem casa pr\u00f3pria, sem terras pr\u00f3prias para plantar e colher, sem a exist\u00eancia segura constru\u00edda em 18 anos de trabalho di\u00e1rio. A primeira moradia na cidade grande foi o espa\u00e7o na f\u00e1brica de bot\u00f5es desativada do casal amigo. Pai e m\u00e3e procuraram emprego, os filhos mais crescidos, ao todo sete, tamb\u00e9m foram atr\u00e1s do p\u00e3o de cada dia. Eram tempos de recome\u00e7ar do zero. Recordo os natais daquele tempo. No come\u00e7o era o Culto de Natal, na igreja luterana. Depois, em casa, a ceia modesta, \u00a0mas festiva. Em seguida, na sala iluminada pelas luzes do pinheiro, alguns cantos de Natal acompanhados pelas irm\u00e3s maiores com violino. Ent\u00e3o os presentes. Garotinho, num daqueles Natais, \u00a0ganhei um len\u00e7o, um par de meias, um livrinho de hist\u00f3rias e um caminh\u00e3ozinho de madeira feito pelo pai marceneiro. Nunca me senti pobre, era rico. Os natais da inf\u00e2ncia, e muitos recentes, com filhos e netos, s\u00e3o inesquec\u00edveis. Natais s\u00e3o espa\u00e7os de alegria, e neles se torna realidade a paz que Deus prometeu.\u00a0 Todos evitam conflitos e somos mais tolerantes. N\u00e3o s\u00e3o pequenas ilhas de paz esquecidas no meio do oceano revolto, mas iluminam a vida, pois neles ouvimos a boa nova do anjo nos campos de Bel\u00e9m:<\/p>\n<p>\u201c<em>N\u00e3o tenham medo! Estou aqui para lhes trazer boa-nova de grande alegria, que ser\u00e1 para todo o povo; \u00e9 que hoje, na cidade de Davi, lhes nasceu o Salvador, que \u00e9 Cristo, o Senhor.\u201d<\/em> (Lucas 2,10).<\/p>\n<p>II<\/p>\n<p>Nesta Noite de Natal e vou com os pastores a Bel\u00e9m para ver a crian\u00e7a envolta em fraldas, e diante da manjedoura eu pergunto ao menino:<\/p>\n<p>&#8211; \u201c<em>Menino t\u00e3o pobre, <\/em><em>eu creio que voc\u00ea nasceu no cumprimento da promessa divina. \u00c9 o rebento das raizes de Jess\u00e9. Mas voc\u00ea nasceu, e o mundo continua igual. Em todo lugar vejo sofrimento. Eu pr\u00f3prio n\u00e3o tenho paz no cora\u00e7\u00e3o. Muita coisa na minha vida me deixa infeliz. Diga-me: qual \u00e9 o proveito deste nascimento para mim?\u201d<\/em><\/p>\n<p><em>\u00a0<\/em>O menino rec\u00e9m-nascido me olha com carinho, mostra para si mesmo, e diz:<\/p>\n<p>&#8211; \u201c<em>Veja o lugar em que estou deitado. Desde pequeno sinto na pele o que \u00e9 ser necessitado. Conhe\u00e7o as limita\u00e7\u00f5es humanas. O Pai me enviou para conhecer os sofrimentos. Sei o que \u00e9 desamparo. Eu compreendo voc\u00ea. O que eu sou de proveito para voc\u00ea e os seus irm\u00e3os e irm\u00e3s? Eu vim para ajudar e lhe dou o \u201cEsp\u00edrito de entendimento\u201d e voc\u00ea entender\u00e1 que voc\u00ea vem de Deus e um dia voltar\u00e1 para Deus e que no caminho nada o separa do cuidado de Deus. N\u00e3o viva, portanto, de briga com a vida. \u00a0H\u00e1 coisas que voc\u00ea n\u00e3o pode mudar. Aceite-as com confian\u00e7a naquele que criou voc\u00ea e na certeza que nunca lhe faltar\u00e1 a amizade dele.A vida \u00e9 um presente. Fa\u00e7a o melhor dela e mude o que voc\u00ea pode e deve mudar. Eu lhe dou o \u201cEsp\u00edrito de entendimento\u201d, e voc\u00ea compreender\u00e1 que viver \u00e9 servir, como eu vim para servir.\u201d <\/em><\/p>\n<p>Eu sinto que o menino em fraldas me quer bem e formulo a d\u00favida:<\/p>\n<ul>\n<li>\u201c<em>Menino na manjedoura, a promessa do profeta diz que na vinda do descendente de Jess\u00e9 os perversos ser\u00e3o condenados e \u00a0mortos \u2018com o sopro de seus l\u00e1bios\u2019. Voc\u00ea, no entanto, \u00e9 fraco e humilde. N\u00e3o vejo como pretende cumprir a miss\u00e3o. Eles semeiam sofrimento e morte em todo lugar. \u00a0Por qu\u00ea nasceu impotente? N\u00e3o veio para vingar os pisados e massacrados?\u201d<\/em><\/li>\n<\/ul>\n<p>O menino me entende e pondera:<\/p>\n<ul>\n<li>\u201cO<em> Pai me pediu para salvar e n\u00e3o matar. Ele n\u00e3o tem prazer na morte do perverso, mas que se arrependa e viva. No c\u00e9u h\u00e1 alegria com cada filho que muda o rumo da vida e volta para a casa do Pai. \u2013 Permita-me uma pergunta: Voc\u00ea tem parentes ou amigos que erraram o rumo da vida e, voc\u00ea pr\u00f3prio, j\u00e1 deu passos errados e se arrependeu? \u00a0Voc\u00ea deseja ter nova chance, tamb\u00e9m para seus amigos, n\u00e3o \u00e9 verdade? O que seria se eu viesse para matar? Vim para dar perd\u00e3o a quem volta, e falar ao cora\u00e7\u00e3o de quem \u00e9 injusto. Venho com a palavra, n\u00e3o a espada, tamb\u00e9m para o perverso. Ainda \u00e9 tempo de mudar de rumo, \u00e9 tempo da gra\u00e7a.\u201d<\/em><\/li>\n<\/ul>\n<p>Sinto que entendo, e acrescento:<\/p>\n<ul>\n<li>\u201c<em>Filho de Deus, permita que eu volte \u00e0 pergunta inicial. A \u00a0promessa de Isa\u00edas diz que com o nascimento do rebento de Jesse o mundo ser\u00e1 outro. Voc\u00ea nasceu, e o le\u00e3o continua a n\u00e3o comer palha e as crian\u00e7as que metem a m\u00e3o no ninho da serpente continuam a correr s\u00e9rio risco de vida, o pr\u00f3prio homem continua a ser para seu semelhante um lobo. N\u00e3o veio o mundo sem mal prometido. Pergunta: \u00a0Por qu\u00ea o novo c\u00e9u e a nova terra n\u00e3o vieram quando voc\u00ea nasceu? O Pai se esqueceu da promessa que fez?\u201d <\/em><\/li>\n<\/ul>\n<p>Surpreso, o menino em fraldas responde:<\/p>\n<p>\u201c <em>O Pai cumprir\u00e1 a promessa, pode ter certeza. O dia e a hora eu n\u00e3o sei, s\u00f3 ele o sabe. O mundo continua perigoso. O \u2018conhecimento do Senhor ainda n\u00e3o encheu a terra como as \u00e1guas cobrem o mar.\u2019 Mas voc\u00ea me conhece e, \u00a0dentro do mundo de alegrias e injusti\u00e7as, voc\u00ea \u00e9 chamado para ser sal da terra e luz do mundo, para n\u00e3o responder \u00f3dio com \u00f3dio, mas semear miseric\u00f3rdia e ser instrumento da paz e da justi\u00e7a. Bem-aventurados s\u00e3o os humildes de esp\u00edrito, os misericordiosos e mansos, os limpos de cora\u00e7\u00e3o, os que curam feridas e erguem os pisados para que andem de cabe\u00e7a erguida, sabendo que Deus os ama, pois deles \u00e9 o reino dos c\u00e9us. O novo c\u00e9u e a nova terra come\u00e7am ali onde voc\u00eas s\u00e3o justos e curam feridas, ali onde voc\u00eas consolam e \u00a0criam pontes nos conflitos. E um dia o Pai cumprir\u00e1 a promessa e trar\u00e1 a nova terra na sua plenitude. Seja algu\u00e9m assim!\u201d<\/em><\/p>\n<p>As palavras do menino tocam o meu cora\u00e7\u00e3o, e lhe pe\u00e7o:<\/p>\n<ul>\n<li>\u201c<em>Filho de Deus, eu quero fazer parte dos misericordiosos e \u00a0mansos, dos que criam pontes nos conflitos e t\u00eam fome e sede de justi\u00e7a e curam feridas. Mas sou fraco e inconstante. Voc\u00ea me ajuda?\u201d<\/em><\/li>\n<\/ul>\n<p>Os seus olhos brilham e ele diz com amor:<\/p>\n<ul>\n<li>\u201c<em>Caminhe comigo, e eu lhe darei o \u201cEsp\u00edrito de fortaleza\u201d. Voc\u00ea ser\u00e1 forte na fraqueza e o c\u00e9u lhe dar\u00e1 firmeza na f\u00e9 e no amor. V\u00e1 em paz!<\/em><\/li>\n<\/ul>\n<p>Ao voltar para casa, agradecido, decido <em>caminhar com o Filho de Deus <\/em>e percebo que come\u00e7o a andar de cabe\u00e7a erguida e a paz que o menino deitou sobre mim entrou no meu cora\u00e7\u00e3o.<\/p>\n<p>III<\/p>\n<p>Estimadas irm\u00e3s e irm\u00e3os:<\/p>\n<p>Na Noite de Natal a mil\u00edcia celestial nos campos de Bel\u00e9m revelou o mist\u00e9rio de Deus que consiste em que Deus <em>nos quer bem<\/em>, \u00a0e o Filho que caminha conosco \u00e9 a express\u00e3o do <em>amor de Deus.<\/em> Ele ilumina o nosso caminho. Consola quem, em especial nesta noite de Natal, sente a falta da pessoa amada do seu lado. Ele d\u00e1 sabedoria e conselho para a vida familiar, firmeza na sociedade para semear algo novo e bom. \u00a0Ele quer bem a n\u00f3s, os idosos, os adultos, os \u00a0jovens e as crian\u00e7as. A amizade de Deus n\u00e3o conhece limita\u00e7\u00f5es. Sua presen\u00e7a constante na nossa vida d\u00e1 entendimento. Ele \u00e9 o grande presente para nossa vida. Natais podem e devem ser inesquec\u00edveis pois neles ouvimos a mensagem do anjo:<\/p>\n<p>\u201c<em>N\u00e3o tenham medo! Estou aqui para lhes trazer boa-nova de grande alegria, que ser\u00e1 para todo o povo; \u00e9 que hoje, na cidade de Davi, lhes nasceu o Salvador, que \u00e9 Cristo, o Senhor.\u201d\u00a0<\/em><\/p>\n<p>Feliz Natal a todos e todas!<\/p>\n<p>&#8212;<\/p>\n<p>Amem<\/p>\n<p>&#8212;<\/p>\n<p>\u201c<em>A paz de Deus, que excede todo o entendimento, guarde os nossos cora\u00e7\u00f5es e os nossos pensamentos em Cristo Jesus.\u201d Am\u00e9m<\/em><\/p>\n<p>P. em. Me. Baldur van Kaick<\/p>\n<p>Curitiba-Paran\u00e1 (Brasilien)<\/p>\n<p>bvankaick@gmail.com<\/p>\n<p>(Textos b\u00edblicos conforme a \u201cNova Almeida Atualizada\u201d).<\/p>\n","protected":false},"excerpt":{"rendered":"<p>PR\u00c9DICA PARA A NOITE DE NATAL \u2013 24.12.2021 | Isa\u00edas 11 | \u201cHoje sE LHES NASCEU O SALVADOR | Baldur van Kaick | \u201cGra\u00e7a e paz sejam convosco, da parte de Deus, nosso Pai, e do Senhor Jesus Cristo. Am\u00e9m.\u201d \u00a0O texto b\u00edblico para a Noite de Natal encontra-se em Isa\u00edas 11 e tem o [&hellip;]<\/p>\n","protected":false},"author":1,"featured_media":6455,"comment_status":"closed","ping_status":"closed","sticky":false,"template":"","format":"standard","meta":{"footnotes":""},"categories":[22,2,276,157,108,641,112,109],"tags":[],"beitragende":[],"predigtform":[],"predigtreihe":[],"bibelstelle":[],"class_list":["post-6573","post","type-post","status-publish","format-standard","has-post-thumbnail","hentry","category-jesaja","category-at","category-baldur-van-kaick","category-beitragende","category-current","category-kapitel-11-chapter-11-jesaja","category-port","category-predigten"],"_links":{"self":[{"href":"https:\/\/www.theologie.uzh.ch\/apps\/gpi\/wp-json\/wp\/v2\/posts\/6573","targetHints":{"allow":["GET"]}}],"collection":[{"href":"https:\/\/www.theologie.uzh.ch\/apps\/gpi\/wp-json\/wp\/v2\/posts"}],"about":[{"href":"https:\/\/www.theologie.uzh.ch\/apps\/gpi\/wp-json\/wp\/v2\/types\/post"}],"author":[{"embeddable":true,"href":"https:\/\/www.theologie.uzh.ch\/apps\/gpi\/wp-json\/wp\/v2\/users\/1"}],"replies":[{"embeddable":true,"href":"https:\/\/www.theologie.uzh.ch\/apps\/gpi\/wp-json\/wp\/v2\/comments?post=6573"}],"version-history":[{"count":1,"href":"https:\/\/www.theologie.uzh.ch\/apps\/gpi\/wp-json\/wp\/v2\/posts\/6573\/revisions"}],"predecessor-version":[{"id":6574,"href":"https:\/\/www.theologie.uzh.ch\/apps\/gpi\/wp-json\/wp\/v2\/posts\/6573\/revisions\/6574"}],"wp:featuredmedia":[{"embeddable":true,"href":"https:\/\/www.theologie.uzh.ch\/apps\/gpi\/wp-json\/wp\/v2\/media\/6455"}],"wp:attachment":[{"href":"https:\/\/www.theologie.uzh.ch\/apps\/gpi\/wp-json\/wp\/v2\/media?parent=6573"}],"wp:term":[{"taxonomy":"category","embeddable":true,"href":"https:\/\/www.theologie.uzh.ch\/apps\/gpi\/wp-json\/wp\/v2\/categories?post=6573"},{"taxonomy":"post_tag","embeddable":true,"href":"https:\/\/www.theologie.uzh.ch\/apps\/gpi\/wp-json\/wp\/v2\/tags?post=6573"},{"taxonomy":"beitragende","embeddable":true,"href":"https:\/\/www.theologie.uzh.ch\/apps\/gpi\/wp-json\/wp\/v2\/beitragende?post=6573"},{"taxonomy":"predigtform","embeddable":true,"href":"https:\/\/www.theologie.uzh.ch\/apps\/gpi\/wp-json\/wp\/v2\/predigtform?post=6573"},{"taxonomy":"predigtreihe","embeddable":true,"href":"https:\/\/www.theologie.uzh.ch\/apps\/gpi\/wp-json\/wp\/v2\/predigtreihe?post=6573"},{"taxonomy":"bibelstelle","embeddable":true,"href":"https:\/\/www.theologie.uzh.ch\/apps\/gpi\/wp-json\/wp\/v2\/bibelstelle?post=6573"}],"curies":[{"name":"wp","href":"https:\/\/api.w.org\/{rel}","templated":true}]}}