{"id":9194,"date":"2001-12-07T19:50:02","date_gmt":"2001-12-07T18:50:02","guid":{"rendered":"https:\/\/theologie.whp.uzh.ch\/apps\/gpi\/?p=9194"},"modified":"2025-04-11T14:56:36","modified_gmt":"2025-04-11T12:56:36","slug":"anspiel-zu-weihnachten-fuer-kinder","status":"publish","type":"post","link":"https:\/\/www.theologie.uzh.ch\/apps\/gpi\/anspiel-zu-weihnachten-fuer-kinder\/","title":{"rendered":"Anspiel zu Weihnachten f\u00fcr Kinder"},"content":{"rendered":"<p><b><span style=\"color: #000099;\">Anspiel zu Weihnachten f\u00fcr Kinder <\/span><span style=\"color: #000099;\"><br \/>\nvon Cornelia Dassler<\/span><\/b><\/p>\n<hr \/>\n<p>Kindergarten Weihnacht Lohnde 01<\/p>\n<p><b>Freddy \u00ad die Handpuppe (Kumquats) &#8211; sucht Weihnachten und bekommt das Licht der Welt<\/b><\/p>\n<p><b>Was gebraucht wird:<\/b><br \/>\n1 Person, die die Weihnachtsgeschichte liest<br \/>\n1 Person, die den Freddy spielt<br \/>\neinen Hirten<br \/>\n1 Koffer, mit allem m\u00f6glichen Advents \u00ad und Weihnachtszubeh\u00f6r, auf jeden Fall mit einer Kerze!<br \/>\n1 Laterne \u00ad m\u00f6glichst mit dem Friedenslicht aus Bethlehem, wenn es in der Gemeinde vorhanden ist.<br \/>\nHilfe zum Anz\u00fcnden der Kerzen<\/p>\n<p><b>Vorbereitungszeit im Kindergarten<\/b>. Da wird der Koffer mit allem gepackt, was die Kinder der Adventszeit zuordnen. Vorsicht: Nichts einpacken, was noch ben\u00f6tigt wird!<br \/>\nZiel: Die Kinder lernen die Unterscheidung zwischen Advent und Weihnachten. Sie erfahren, da\u00df das Wesentliche nicht der Schmuck, die S\u00fc\u00dfigkeiten, die Br\u00e4uche sind, sondern Jesus Christus, das Licht der Welt.<\/p>\n<p><b>Ablauf<\/b>:<br \/>\nBegr\u00fc\u00dfung<br \/>\n1. Lied<br \/>\nGebet<br \/>\nWeihnachtsgeschichte Lukas 2, 1-16<br \/>\n2. Lied<br \/>\nFreddy sucht Weihnachten<\/p>\n<p><b>Freddy<\/b>: Kinder diese Geschichte eben \u00ad alles hab ich ja nicht verstanden, aber diese Geschichte ist etwas besonderes. Aber deshalb mach ich mich ja jetzt auf den Weg nach \u00ad wie hei\u00dft doch der Ort wo das alles passiert ist<\/p>\n<p><b>Kinder<\/b>: Bethlehem<\/p>\n<p><b>Freddy<\/b>: genau: Bethlehem. Es ist bestimmt weit bis nach Bethlehem \u00ad der Name klingt schon so weit anders als unsere Orte hier.: Lohnde, G\u00fcmmer okay, aber Bethlehem.. Wenn ich so weit reisen mu\u00df, da mu\u00df ich bestimmt auch ein bi\u00dfchen was mitnehmen. Eigentlich such ich in Bethlehem ja nach Weihnachten. Was ich wohl mitnehmen mu\u00df auf meinem Weg zu Weihnachten? Ich mu\u00df mich ja vorbereiten! Wie gut, da\u00df ihr mir heute morgen einen Koffer geliehen habt. Der hilft mir bestimmt. Aber der ist ja ganz sch\u00f6n schwer! Heute morgen im Kindergarten ganz vergessen zu gucken, was in dem Koffer eigentlich so drin ist. Soll ich mal reingucken?<\/p>\n<p><b>Kinder<\/b>: ja<\/p>\n<p>Freddy guckt in die Kiste und holt nach und nach die Gegenst\u00e4nde die darin sid heraus und fragt die Kinder was das ist, wozu man das braucht.<\/p>\n<p><b>Freddy<\/b>: Na prima, dann kann ich ja jetzt endlich losgehen. Nach Bethlehem. Weihnachten suchen. Ich glaub ich hab alles, was wichtig ist f\u00fcr die Vorbereitung auf Weihnachten. Jetzt kann ja nichts mehr schiefgehen. (geht durch die Kirche, sucht ein bi\u00dfchen orientierungslos)<br \/>\nOh ist das weit und der Koffer ist jetzt schon schwer&#8230;und so richtig wei\u00df ich gar nicht wo ich lang mu\u00df, vielleicht h\u00e4tte ich mir eine Landkarte einpacken sollen und nicht den ganzen Adventskram&#8230;.<\/p>\n<p>Hirte taucht auf<\/p>\n<p><b>Freddy<\/b>: Hallo! Wer bist du denn?<\/p>\n<p><b>Hirte<\/b>: ich bin ein Hirte aus der N\u00e4he von Bethlehem<\/p>\n<p><b>Freddy<\/b>: Kinder habt ihr das auch geh\u00f6rt? Was hast du gesagt Bethlehem? Dann bin ich wohl also bald da?<\/p>\n<p><b>Hirte<\/b>: Nee, du bist noch lange nicht in Bethlehem, das ist noch gaaanz weit.<\/p>\n<p><b>Freddy<\/b>: oooh, wie schade, ich hab mich schon so gefreut. Und ich kann schon gar nicht mehr. Mein Koffer ist n\u00e4mlich so schwer&#8230;<br \/>\nKinder \u00ad soll ich ihm sagen wo ich hinwill?&#8230;.<br \/>\nwei\u00dft Du ich suche nach Weihnachten!<\/p>\n<p><b>Hirte<\/b>: Weihnachten? Ach du meinst das Chirstkind, Jesus? Du willst dahin, wo er geboren ist? Ja da ist Bethlehem richtig. Aber sag mal, was hast du denn alles in deinem Koffer?<\/p>\n<p><b>Freddy<\/b>: z\u00e4hlt auf, was darin ist und erkl\u00e4rt: Du siehst, das sind lauter wichtige Sachen. Die Kinder haben mir gesagt, da\u00df wir das alles brauchen, um uns auf Weihnachten vorzubereiten. Das mu\u00dfte ich doch mitnehmen, wenn ich nach Weihnachten suche, oder?<\/p>\n<p><b>Hirte<\/b>: Also ich hatte gar nichts dabei, als ich losgegangen bin.<\/p>\n<p><b>Freddy<\/b>: Aber du hast doch da eine Laterne!?<\/p>\n<p><b>Hirte<\/b>: Ja die, die hab ich mitgebracht aus Bethlehem Das ist das Licht der Weihnacht \u00ad das Licht der Welt!- ein Friedenslicht. Nimm es mir nicht \u00fcbel, aber ich glaube, dieses Licht ist viel wichtiger als alles, was du in deinem Koffer hast. Ich hatte das Gef\u00fchl, bei dem Kind da brauchte ich gar nichts. Ich konnte da so hinkommen wie ich bin und da war so ein<br \/>\nleuchten und solche ein Friede. Wie Du siehst, habe ich das Licht von dort mitbekommen. Das will ich jetzt allen Menschen bringen, die es haben m\u00f6chten. Das Friedenslicht der Weihnacht.<\/p>\n<p><b>Freddy<\/b>: Ja \u00ad dieses Licht h\u00e4tte ich auch gerne! Meinst Du ich schaffe es noch bis nach Bethlehem? Wenn doch nur dieser schwere Koffer nicht w\u00e4re!<\/p>\n<p><b>Hirte<\/b>: Den Koffer kannst du glaube ich stehen lassen, den brauchst Du nicht so dringend. Au\u00dferdem pa\u00dft ja das Licht da gar nicht hinein! Entweder es geht aus, oder der Koffer f\u00e4ngt an zu brennen. Hm \u00ad ob du das schaffst wei\u00df ich nicht \u00ad aber wei\u00dft du was? Eigentlich mu\u00dft du gar nicht nach Bethlehem, um Weihnachten zu finden, genauso wenig wie man wirklich diese ganze Sachen aus deinem Koffer braucht. Das wichtige an Weihnachten ist doch, da\u00df Jesus zu uns in die Welt gekommen ist und uns die Botschaft vom frieden f\u00fcr alle Menschen bringt. Ich glaube, es w\u00e4re wichtiger Jesus dabei zu helfen, dieses Licht in der ganzen Welt zu verteilen Willst du mir nicht dabei helfen? Du k\u00f6nntest doch das Licht von mir bekommen \u00ad hast Du denn in deinem Koffer auch eine Kerze oder so was?<\/p>\n<p><b>Freddy<\/b>: Du meinst ehrlich,ich kann dir helfen, das Friedenslicht von Weihnachten zu verteilen? Ja, ich glaube es wirklich wichtiger, wenn wir \u00fcberall vom Frieden erz\u00e4hlen, als da\u00df ich nach Bethlehem gehe. Ich glaube, ich habe Weihnachten schon gefunden \u00ad bei dir! Hach, Kinder, ich bin schon ganz durcheinander. Ist im Koffer auch eine Kerze?<\/p>\n<p><b>Kinder<\/b>: ja!<\/p>\n<p><b>Freddy<\/b>: wie gut, da\u00df ihr euch im Kindergarten so gut vorbereitet habt, Kinder! Jetzt kann ich das wichtigste von Weihnachten sogar bekommen, ohne da\u00df ich ganz bis nach Bethlehem mu\u00df. Und das Licht ist wirklich aus Bethlehem?<\/p>\n<p><b>Hirte<\/b>: wenn ich es dir sage! (Die beiden z\u00fcnden Freddys Licht an dem vom Hirten an)<\/p>\n<p><b>Freddy<\/b>: Kinder, jetzt f\u00fchl ich mich wie Weihnachten! Ich hab das Friedenslicht aus Bethlehem und soll es weitergeben. Wollt Ihr es denn haben?<\/p>\n<p><b>Kinder<\/b>: ja<\/p>\n<p><b>Freddy<\/b>: Dann schlag ich euch vor, da\u00df wir jetzt zusammen beten und dann gucken wir mal, ob wir noch mehr Kerzen haben, die wir euch mitgeben k\u00f6nnen und geben euch das Friedenslicht!<\/p>\n<p>Gebet<br \/>\nVater unser<br \/>\nSegen<\/p>\n<p><b>Verteilen der Lichter<\/b><\/p>\n<p>Die Kinder stellen sich mit den Lichtern auf \u00ad so da\u00df sich m\u00f6glichst viele sehen k\u00f6nnen und das Licht eine sch\u00f6ne Wirkung hat. (wie besprochen)<\/p>\n<p>Die Eltern m\u00fcssen kr\u00e4ftig singen!<\/p>\n<p>Lied: Tragt in die Welt nun ein Licht<\/p>\n<hr \/>\n<p><b>Cornelia Dassler<br \/>\n<a href=\"mailto:conni.dassler@t-online.de\">E-Mail: conni.dassler@t-online.de<\/a><\/b><\/p>\n","protected":false},"excerpt":{"rendered":"<p>Anspiel zu Weihnachten f\u00fcr Kinder von Cornelia Dassler Kindergarten Weihnacht Lohnde 01 Freddy \u00ad die Handpuppe (Kumquats) &#8211; sucht Weihnachten und bekommt das Licht der Welt Was gebraucht wird: 1 Person, die die Weihnachtsgeschichte liest 1 Person, die den Freddy spielt einen Hirten 1 Koffer, mit allem m\u00f6glichen Advents \u00ad und Weihnachtszubeh\u00f6r, auf jeden Fall [&hellip;]<\/p>\n","protected":false},"author":1,"featured_media":13147,"comment_status":"closed","ping_status":"closed","sticky":false,"template":"","format":"standard","meta":{"footnotes":""},"categories":[122,1,1034,727,157,120,543,1686,114,121,349,109,1009],"tags":[],"beitragende":[],"predigtform":[],"predigtreihe":[],"bibelstelle":[],"class_list":["post-9194","post","type-post","status-publish","format-standard","has-post-thumbnail","hentry","category-adv_weihn_neujahr","category-aktuelle","category-anspiel-zu-weihnachten","category-archiv","category-beitragende","category-bes_gelegenheiten","category-christfest-i","category-cornelia-dassler","category-deut","category-festtage","category-kasus","category-predigten","category-schulgottesdienst"],"_links":{"self":[{"href":"https:\/\/www.theologie.uzh.ch\/apps\/gpi\/wp-json\/wp\/v2\/posts\/9194","targetHints":{"allow":["GET"]}}],"collection":[{"href":"https:\/\/www.theologie.uzh.ch\/apps\/gpi\/wp-json\/wp\/v2\/posts"}],"about":[{"href":"https:\/\/www.theologie.uzh.ch\/apps\/gpi\/wp-json\/wp\/v2\/types\/post"}],"author":[{"embeddable":true,"href":"https:\/\/www.theologie.uzh.ch\/apps\/gpi\/wp-json\/wp\/v2\/users\/1"}],"replies":[{"embeddable":true,"href":"https:\/\/www.theologie.uzh.ch\/apps\/gpi\/wp-json\/wp\/v2\/comments?post=9194"}],"version-history":[{"count":3,"href":"https:\/\/www.theologie.uzh.ch\/apps\/gpi\/wp-json\/wp\/v2\/posts\/9194\/revisions"}],"predecessor-version":[{"id":13203,"href":"https:\/\/www.theologie.uzh.ch\/apps\/gpi\/wp-json\/wp\/v2\/posts\/9194\/revisions\/13203"}],"wp:featuredmedia":[{"embeddable":true,"href":"https:\/\/www.theologie.uzh.ch\/apps\/gpi\/wp-json\/wp\/v2\/media\/13147"}],"wp:attachment":[{"href":"https:\/\/www.theologie.uzh.ch\/apps\/gpi\/wp-json\/wp\/v2\/media?parent=9194"}],"wp:term":[{"taxonomy":"category","embeddable":true,"href":"https:\/\/www.theologie.uzh.ch\/apps\/gpi\/wp-json\/wp\/v2\/categories?post=9194"},{"taxonomy":"post_tag","embeddable":true,"href":"https:\/\/www.theologie.uzh.ch\/apps\/gpi\/wp-json\/wp\/v2\/tags?post=9194"},{"taxonomy":"beitragende","embeddable":true,"href":"https:\/\/www.theologie.uzh.ch\/apps\/gpi\/wp-json\/wp\/v2\/beitragende?post=9194"},{"taxonomy":"predigtform","embeddable":true,"href":"https:\/\/www.theologie.uzh.ch\/apps\/gpi\/wp-json\/wp\/v2\/predigtform?post=9194"},{"taxonomy":"predigtreihe","embeddable":true,"href":"https:\/\/www.theologie.uzh.ch\/apps\/gpi\/wp-json\/wp\/v2\/predigtreihe?post=9194"},{"taxonomy":"bibelstelle","embeddable":true,"href":"https:\/\/www.theologie.uzh.ch\/apps\/gpi\/wp-json\/wp\/v2\/bibelstelle?post=9194"}],"curies":[{"name":"wp","href":"https:\/\/api.w.org\/{rel}","templated":true}]}}