{"id":9344,"date":"2003-02-07T19:49:45","date_gmt":"2003-02-07T18:49:45","guid":{"rendered":"https:\/\/theologie.whp.uzh.ch\/apps\/gpi\/?p=9344"},"modified":"2025-04-24T11:51:16","modified_gmt":"2025-04-24T09:51:16","slug":"matthaeus-17-1-9-3","status":"publish","type":"post","link":"https:\/\/www.theologie.uzh.ch\/apps\/gpi\/matthaeus-17-1-9-3\/","title":{"rendered":"Matth\u00e6us 17, 1-9"},"content":{"rendered":"<h3 align=\"left\">Sidste s\u00f8ndag efter Helligetrekonger | 09.02.2003 | Matth\u00e6us 17,1\u20139 | Jan Ulrik Dyrkj\u00f8b |<\/h3>\n<p align=\"left\">Apostlene har forladt alt for at f\u00f8lge<br \/>\nJesus. De har v\u00e6ret med ham i byer og p\u00e5 landeveje. De har<br \/>\nv\u00e6ret vidt omkring. De har h\u00f8rt hans ord. De har set ham<br \/>\nm\u00f8de mennesker: M\u00e6nd og kvinder og b\u00f8rn. Fattige og<br \/>\nudst\u00f8dte. Syge og besatte. De har set hans barmhjertighed.<\/p>\n<p>Men de har ogs\u00e5 v\u00e6ret med ham p\u00e5 ensomme steder. De<br \/>\nhar v\u00e6ret med ham p\u00e5 s\u00f8en og i bjergene. De har set<br \/>\nham alene. Alene med sin b\u00f8n. Alene med sin Far i Himlen.<\/p>\n<p>Og det er netop det der er det afg\u00f8rende: Dette mennesker lever<br \/>\nikke for sig selv. Han lever i inderlig b\u00f8n til sin himmelske Far.<br \/>\nHans hjerte er rent. Hans tanke rummer kun sandhed. Hans vilje er ikke<br \/>\nhans egen.<\/p>\n<p>Han er Guds menneske p\u00e5 jorden. Han er Guds \u00e5benbaring. Guds<br \/>\nvirkelighed kommer til syne i ham. Han er herligheden i menneskeskikkelse.<\/p>\n<p>Og det sker en dag da de er ved K\u00e6sarea Filippi &#8211; lidt nord for<br \/>\nhjemegnen Galil\u00e6a &#8211; at Jesus sp\u00f8rger apostlene hvem folk<br \/>\nmener han er. Og de svarer at folk taler om at han er Johannes D\u00f8ber<br \/>\neller en af Israels store profeter der er kommet igen.<\/p>\n<p>Og s\u00e5 stiller Jesus sp\u00f8rgsm\u00e5let til dem: \u201dMen<br \/>\nI, hvem siger I at jeg er?\u201d &#8230; Folk kan sige s\u00e5 meget og<br \/>\nmene s\u00e5 meget, men hvad mener I?<\/p>\n<p>Og Peter svarer p\u00e5 alles vegne: \u201dDu er Kristus, den levende<br \/>\nGuds S\u00f8n.\u201d<\/p>\n<p>Ja, han er netop S\u00f8nnen. For hans liv er et samliv med Faderen,<br \/>\nuden forbehold og uden oph\u00f8r. Han lever i et og alt fra Gud og<br \/>\ntil Gud.<\/p>\n<p>Peter og de andre ser det. Det er ufatteligt for dem, men de ser det.<br \/>\nDerfor m\u00e5 de sige som de siger: Han er den levende Guds S\u00f8n.<\/p>\n<p>Men Jesus afkr\u00e6ver ikke blot apostlene en bekendelse. Han taler<br \/>\nogs\u00e5 til dem om sin lidelse og sin d\u00f8d og sin opstandelse.<br \/>\nFor i og ved det liv han har med sin Far i Himlen, skal d\u00f8den overvindes.<br \/>\nDet er derfor han er kommet til verden.<\/p>\n<p>Han skal udslette den magt der river os fra hinanden. Han skal nedbryde<br \/>\nalt hvad der skiller os fra Gud og hans herlighed. Han skal i sandhed<br \/>\nf\u00f8re os fra m\u00f8rket og ind i lyset.<\/p>\n<p>Det Jesus siger om sin lidelse og d\u00f8d, er uforst\u00e5elig og<br \/>\nforargelig tale for apostlene. Men Jesus forts\u00e6tter sin vej. Og<br \/>\nseks dage efter tager han tre af dem, Peter og Johannes og Jakob, med<br \/>\nop p\u00e5 et h\u00f8jt bjerg. Og de ser ham blive forvandlet for deres<br \/>\n\u00f8jne. De ser ham i lysende klarhed. Og de h\u00f8rer Guds stemme<br \/>\nover ham.<\/p>\n<p>Det er en vigtig beretning &#8211; beretningen om forklarelsen p\u00e5 bjerget.<br \/>\nAlle de tre f\u00f8rste evangelister har den med. Og ogs\u00e5 i en<br \/>\nlidt senere overlevering, i Peters Andet Brev, omtales forklarelsen p\u00e5<br \/>\nbjerget. Vi har h\u00f8rt det i dagens epistel:<\/p>\n<p>\u201dHan modtog \u00e6re og herlighed af Gud Fader, da der l\u00f8d<br \/>\nen r\u00f8st til ham fra den oph\u00f8jede herlighed: \u2019Det er<br \/>\nmin elskede s\u00f8n, i ham har jeg fundet velbehag.\u2019 Denne r\u00f8st<br \/>\nhar vi selv h\u00f8rt lyde fra himlen, mens vi var sammen med ham p\u00e5<br \/>\ndet hellige bjerg.\u201d<\/p>\n<p>Og da Jesus forvandles for \u00f8jnene af Peter og Jakob og Johannes,<br \/>\ner det igen hans b\u00f8n og hans samliv med Faderen det handler om.<\/p>\n<p>Det er m\u00e5ske knap s\u00e5 tydeligt i Matth\u00e6us\u2019 udgave<br \/>\naf beretningen. Men hos Lukas er det direkte fremh\u00e6vet. D\u00e9r<br \/>\nhedder det: \u201dMens han bad, \u00e6ndrede hans ansigt udseende, og<br \/>\nhans kl\u00e6der blev bl\u00e6ndende hvide.\u201d<\/p>\n<p>\u201dMens han bad&#8230;\u201d: Da Jesus st\u00e5r for de tre apostle<br \/>\ni forklaret skikkelse, er det hans b\u00f8n der bliver synlig. Han er<br \/>\ns\u00e5 t\u00e6t ved sin himmelske Far, han er s\u00e5 dybt forbundet<br \/>\nmed ham &#8211; at det pludselig kan ses!<\/p>\n<p>Peter og Jakob og Johannes ser at Jesus er helt gennemsigtig for Guds<br \/>\nherlighed. De ser at han er uden skygger og uden m\u00f8rke. De ser<br \/>\nat han er verdens lys.<\/p>\n<p>Det skete engang. Det blev fortalt. Lang tid er g\u00e5et. Og s\u00e5<br \/>\nkommer vi til kirke som de usikre nutidsmennesker vi er. Vi kommer til<br \/>\nkirke.<\/p>\n<p>Og vi h\u00f8rer om Jesus. Vi h\u00f8rer apostlenes bekendelse: \u201dDu<br \/>\ner Kristus, den levende Guds S\u00f8n.\u201d Vi h\u00f8rer om forklarelsen<br \/>\np\u00e5 bjerget. Vi kan se det for os. Vi kan fornemme apostlenes dybe<br \/>\nforundring. Vi kan h\u00f8re Guds stemme der lyder til dem.<\/p>\n<p>Men er det sandhed? Er det sandhed ogs\u00e5 for os? Er det sandhed<br \/>\nfor dig?<\/p>\n<p>Den st\u00e6rkeste kraft i vores tid og i vores samfund det er den<br \/>\nkraft der drager alt ind i tidens str\u00f8m. Det er den kraft der g\u00f8r<br \/>\nal sandhed til noget historisk, noget der engang var, noget der s\u00e5<br \/>\nat sige kommer og g\u00e5r, noget der blot g\u00e6lder p\u00e5 en bestemt<br \/>\ntid og et bestemt sted.<\/p>\n<p>Tiden siger til os: Ja, der var mennesker der levede og troede s\u00e5dan<br \/>\nog s\u00e5dan. Men det var dengang. Og nu er det en anden tid. Og vi<br \/>\nhar kun overleveringen, og den er lige s\u00e5 usikker som alle andre<br \/>\noverleveringer.<\/p>\n<p>Og den er heller ikke den eneste. Vi er omgivet af livstolkninger og<br \/>\noverleveringer af mange slags. Det er altsammen opst\u00e5et i historiens<br \/>\nl\u00f8b. Det er menneskers erfaringer og tanker og ideer. Meget af<br \/>\ndet kan have noget for sig. Men det har altsammen sin begr\u00e6nsning.<\/p>\n<p>Gud \u00e5benbarer sig i Jesus. Han er Kristus. Apostlene og disciplene<br \/>\nerfarer det, og de kalder ham S\u00f8nnen. Den levende Guds S\u00f8n.<br \/>\nDeres erfaring og deres tro samles i den bekendelse.<\/p>\n<p>Men vi er naget af usikkerhed. Hvordan skulle vi kunne sige som apostlene<br \/>\nsiger? Hvordan skal vi kunne g\u00f8re deres bekendelse til vores bekendelse?<\/p>\n<p>S\u00e5dan kan vi sp\u00f8rge. Men der er noget vi glemmer. Vi glemmer<br \/>\nat det hele g\u00e5r tilbage til Jesu samliv med Faderen. Vi glemmer<br \/>\nhans b\u00f8n.<\/p>\n<p>Og det er jo det der er sagen! Ogs\u00e5 for os! Vi kan ikke h\u00f8re<br \/>\nos til evangeliets sandhed! Heller ikke selvom Paulus siger at troen kommer<br \/>\naf det der h\u00f8res. Vi kan ikke kun h\u00f8re os til sandheden.<br \/>\nVi kan slet ikke vurdere os til sandheden. Vi kan ikke finde frem til<br \/>\nsandheden ved at blive st\u00e5ende p\u00e5 sikker afstand og h\u00f8re<br \/>\nog vurdere.<\/p>\n<p>Vi kan kun finde sandheden ved at g\u00e5 den i m\u00f8de. Og Jesus<br \/>\n&#8211; sandheden om Jesus: at han er Kristus &#8211; g\u00e5r vi i m\u00f8de ved<br \/>\nat g\u00e5 ind i hans b\u00f8n.<\/p>\n<p>Vi kan kun bede os til sandheden!<\/p>\n<p>Vi kan kun finde sandheden i b\u00f8nnen! I Jesu b\u00f8n til Faderen.<br \/>\nHan har jo selv l\u00e6rt os den! I b\u00f8nnen i hans navn. I b\u00f8nnen<br \/>\nsammen med ham. I b\u00f8nnen til ham!<\/p>\n<p>\u201dVor Far, du som er i himlene&#8230;\u201d Det er hans ord. Det er<br \/>\nhans Far. \u201dDet er min elskede S\u00f8n. I ham har jeg fundet velbehag.<br \/>\nH\u00f8r ham!\u201d S\u00e5dan lyder Guds stemme p\u00e5 bjerget.<\/p>\n<p>Han er Guds S\u00f8n. Gud er hans Far. Men han l\u00e6rer os at sige:<br \/>\n\u201dVor Far\u201d. Vi er ikke alene om Gud. Vi har Gud som vores Far<br \/>\nsammen med Jesus. Sammen med hinanden. Sammen med alle mennesker.<\/p>\n<p>Vi er det nye gudsfolk. Vi er Jesu br\u00f8dre og s\u00f8stre. Vi<br \/>\ner Guds b\u00f8rn sammen med ham. I b\u00f8nnen. Og i livet. Men f\u00f8rst<br \/>\ni b\u00f8nnen. Kristenlivet udspringer af b\u00f8nnen &#8211; ligesom Jesu<br \/>\nliv udspringer af b\u00f8nnen.<\/p>\n<p>Det er d\u00e9r sandheden er. I b\u00f8nnen er den sande erkendelse.<br \/>\nAf ham. Og af Faderen. Og af \u00c5nden, kraften, inspirationen, klarheden,<br \/>\nk\u00e6rligheden.<\/p>\n<p>Det er en anden erkendelse end verdens og tidens erkendelse. Det er<br \/>\nen anden m\u00e5de at se og h\u00f8re og sanse og begribe p\u00e5.<br \/>\nDet er &#8211; om man vil &#8211; evangeliets erkendelsesteori.<\/p>\n<p>Der er ingen afstand. Der er kun medleven, deltagelse, samliv, dialog.<br \/>\nDet er at v\u00e6re n\u00e6r ved selve det underfulde, ved verdens hemmelighed.<br \/>\nMed Jesus hos Faderen. Det er personligt. Der bliver lagt helt beslag<br \/>\np\u00e5 os. Ligesom Jesus lagde helt beslag p\u00e5 apostlene og disciplene.<\/p>\n<p>L\u00e6g bare m\u00e6rke til hvad der senere sker med Paulus! P\u00e5<br \/>\nvejen til Damaskus bliver han omstr\u00e5let af himmelsk lys og kastet<br \/>\ntil jorden, og den opstandne taler til ham. Og han mister synet og m\u00e5<br \/>\nf\u00f8res ind til Damaskus.<\/p>\n<p>Og i Damaskus er der en discipel som hedder Ananias. Og Jesus viser<br \/>\nsig for Ananias og siger til ham: \u201dRejs dig og g\u00e5 hen i Den<br \/>\nlige Gade og sp\u00f8rg i Judas&#8216; hus efter Saulus fra Tarsus. For han<br \/>\nbeder, og han har i et syn set en mand, der hedder Ananias, komme ind<br \/>\nog l\u00e6gge h\u00e6nderne p\u00e5 ham, s\u00e5 han igen kunne se.\u201d<\/p>\n<p>\u201dHan beder&#8230;\u201d Mens Paulus er blind, beder han. Og allerede<br \/>\nhans b\u00f8n er vejen til at se. Han er blevet bl\u00e6ndet af lyset<br \/>\nfra den opstandne Kristus for at han skal komme til at se sandheden. Og<br \/>\ni den forvandling, i den proces, bliver han draget ind i b\u00f8nnen.<\/p>\n<p>\u201dHan beder&#8230;\u201d Ja, i b\u00f8nnen bliver Paulus\u2019<br \/>\nomvendelse i fuldbyrdet. I b\u00f8nnen begynder det nye liv. I b\u00f8nnen<br \/>\nl\u00e6rer han at leve med Kristus. I b\u00f8nnen bliver der lagt helt<br \/>\nog holdent beslag p\u00e5 ham. Han m\u00e5 give alt, og han f\u00e5r<br \/>\nalt.<\/p>\n<p>Vi har h\u00f8rt henvisningen til forklarelsen p\u00e5 bjerget i<br \/>\nPeters Andet Brev. I indledningen til samme brev l\u00e6ser vi det forunderlige<br \/>\nord at vi har f\u00e5et mulighed for at f\u00e5 del i guddommelig natur:<br \/>\n\u201dGud har sk\u00e6nket os sine store, dyrebare l\u00f8fter, s\u00e5<br \/>\nI ved dem kan slippe fri af forkr\u00e6nkeligheden i denne verden med<br \/>\ndens beg\u00e6r &#8211; og f\u00e5 del i guddommelig natur!\u201d<\/p>\n<p>Det betyder ikke at vi bliver guder, eller at vi bliver som Gud. Men<br \/>\ndet betyder at det liv som S\u00f8nnen har med Faderen, det f\u00e5r<br \/>\nvi lov at v\u00e6re i. Vi bliver draget ind i b\u00f8nnen. Det er hans<br \/>\nb\u00f8n og vores b\u00f8n. D\u00e9r er al frygt drevet bort. D\u00e9r<br \/>\ner alting lys og herlighed og gl\u00e6de. Amen.<\/p>\n<p>&nbsp;<\/p>\n<p><strong>Jan Ulrik Dyrkj\u00f8b<br \/>\nKnud Hjorts\u00f8vej<br \/>\nDK-3500 V\u00e6rl\u00f8se<br \/>\nTel.: ++ 45 &#8211; 44 48 06 04<br \/>\n<a href=\"mailto:jukd@vaerloesesogn.dk\"> e-mail: jukd@vaerloesesogn.dk<\/a><\/strong><\/p>\n","protected":false},"excerpt":{"rendered":"<p>Sidste s\u00f8ndag efter Helligetrekonger | 09.02.2003 | Matth\u00e6us 17,1\u20139 | Jan Ulrik Dyrkj\u00f8b | Apostlene har forladt alt for at f\u00f8lge Jesus. De har v\u00e6ret med ham i byer og p\u00e5 landeveje. De har v\u00e6ret vidt omkring. De har h\u00f8rt hans ord. De har set ham m\u00f8de mennesker: M\u00e6nd og kvinder og b\u00f8rn. Fattige og [&hellip;]<\/p>\n","protected":false},"author":1,"featured_media":8543,"comment_status":"closed","ping_status":"closed","sticky":false,"template":"","format":"standard","meta":{"footnotes":""},"categories":[36,727,157,853,108,111,1042,667,349,669,3,109],"tags":[],"beitragende":[],"predigtform":[],"predigtreihe":[],"bibelstelle":[],"class_list":["post-9344","post","type-post","status-publish","format-standard","has-post-thumbnail","hentry","category-matthaeus","category-archiv","category-beitragende","category-bibel","category-current","category-dansk","category-jan-ulrik-dyrkjob","category-kapitel-17-chapter-17-matthaeus","category-kasus","category-letzter-so-n-epiphanias","category-nt","category-predigten"],"_links":{"self":[{"href":"https:\/\/www.theologie.uzh.ch\/apps\/gpi\/wp-json\/wp\/v2\/posts\/9344","targetHints":{"allow":["GET"]}}],"collection":[{"href":"https:\/\/www.theologie.uzh.ch\/apps\/gpi\/wp-json\/wp\/v2\/posts"}],"about":[{"href":"https:\/\/www.theologie.uzh.ch\/apps\/gpi\/wp-json\/wp\/v2\/types\/post"}],"author":[{"embeddable":true,"href":"https:\/\/www.theologie.uzh.ch\/apps\/gpi\/wp-json\/wp\/v2\/users\/1"}],"replies":[{"embeddable":true,"href":"https:\/\/www.theologie.uzh.ch\/apps\/gpi\/wp-json\/wp\/v2\/comments?post=9344"}],"version-history":[{"count":3,"href":"https:\/\/www.theologie.uzh.ch\/apps\/gpi\/wp-json\/wp\/v2\/posts\/9344\/revisions"}],"predecessor-version":[{"id":23327,"href":"https:\/\/www.theologie.uzh.ch\/apps\/gpi\/wp-json\/wp\/v2\/posts\/9344\/revisions\/23327"}],"wp:featuredmedia":[{"embeddable":true,"href":"https:\/\/www.theologie.uzh.ch\/apps\/gpi\/wp-json\/wp\/v2\/media\/8543"}],"wp:attachment":[{"href":"https:\/\/www.theologie.uzh.ch\/apps\/gpi\/wp-json\/wp\/v2\/media?parent=9344"}],"wp:term":[{"taxonomy":"category","embeddable":true,"href":"https:\/\/www.theologie.uzh.ch\/apps\/gpi\/wp-json\/wp\/v2\/categories?post=9344"},{"taxonomy":"post_tag","embeddable":true,"href":"https:\/\/www.theologie.uzh.ch\/apps\/gpi\/wp-json\/wp\/v2\/tags?post=9344"},{"taxonomy":"beitragende","embeddable":true,"href":"https:\/\/www.theologie.uzh.ch\/apps\/gpi\/wp-json\/wp\/v2\/beitragende?post=9344"},{"taxonomy":"predigtform","embeddable":true,"href":"https:\/\/www.theologie.uzh.ch\/apps\/gpi\/wp-json\/wp\/v2\/predigtform?post=9344"},{"taxonomy":"predigtreihe","embeddable":true,"href":"https:\/\/www.theologie.uzh.ch\/apps\/gpi\/wp-json\/wp\/v2\/predigtreihe?post=9344"},{"taxonomy":"bibelstelle","embeddable":true,"href":"https:\/\/www.theologie.uzh.ch\/apps\/gpi\/wp-json\/wp\/v2\/bibelstelle?post=9344"}],"curies":[{"name":"wp","href":"https:\/\/api.w.org\/{rel}","templated":true}]}}