{"id":9350,"date":"2003-02-07T19:49:45","date_gmt":"2003-02-07T18:49:45","guid":{"rendered":"https:\/\/theologie.whp.uzh.ch\/apps\/gpi\/?p=9350"},"modified":"2025-04-24T11:56:47","modified_gmt":"2025-04-24T09:56:47","slug":"mathaeus-20-1-16","status":"publish","type":"post","link":"https:\/\/www.theologie.uzh.ch\/apps\/gpi\/mathaeus-20-1-16\/","title":{"rendered":"Math\u00e6us 20, 1-16"},"content":{"rendered":"<h3 align=\"left\">Septuagesimae | 16.02.2003 | Matth\u00e6us 20,1\u201316 | Jan Ulrik Dyrkj\u00f8b |<\/h3>\n<p align=\"left\">Jesus vil have os til at se alting p\u00e5<br \/>\nen ny m\u00e5de. Han vil have os til at se alting som Gud ser det. Han<br \/>\nvil have os til at opdage at Gud er anderledes.<\/p>\n<p>Gud handler anderledes og ser anderledes end vi handler og vi ser. Gud<br \/>\ner vores skaber og livgiver.<\/p>\n<p>Gud \u00e5benbarer sig for os og giver sig selv til os. Men han k\u00e6mper<br \/>\nogs\u00e5 med os. Om n\u00f8dvendigt k\u00e6mper han direkte imod<br \/>\nos.<\/p>\n<p>Han kan nemlig ikke bare lade os v\u00e6re. Gud vil noget med os. Han<br \/>\nvil forvandle os. Han vil tvinge os v\u00e6k fra os selv. Han vil have<br \/>\nos til at glemme os selv. Han vil flytte vores centrum v\u00e6k fra os<br \/>\nselv. Han vil selv v\u00e6re vores centrum.<\/p>\n<p>S\u00e5dan er det for Jesus. For ham er Gud centrum. Han er ikke noget<br \/>\nfor sig selv, og netop derfor bliver han alt. For Jesus handler alt om<br \/>\nhans Far i Himlen. Og s\u00e5dan vil han at det ogs\u00e5 skal v\u00e6re<br \/>\nfor os.<\/p>\n<p>Men for at det skal kunne lade sig g\u00f8re, m\u00e5 han drage os<br \/>\nind i sin virkelighed. Han m\u00e5 pr\u00f8ve at f\u00e5 os til at<br \/>\nse som han ser, v\u00e6re som han er, bede som han beder, give os selv<br \/>\nsom han giver sig selv.<\/p>\n<p>Jesus vil have os til at se alting p\u00e5 en ny m\u00e5de. Han vil<br \/>\nhave os til at se alting som Gud ser det. Flytte os v\u00e6k fra os selv.<br \/>\nS\u00e5 Gud bliver centrum. S\u00e5 er vi nemlig d\u00e9r hvor Jesus<br \/>\nselv er. S\u00e5 er vi hos Gud.<\/p>\n<p>Det er det Jesus vil. Og det han vil, det g\u00f8r han. Han g\u00f8r<br \/>\ndet p\u00e5 mange m\u00e5der. Han kalder disciplene til at f\u00f8lge<br \/>\nsig. Han stiller mennesker over for Guds krav.<\/p>\n<p>Men han er ogs\u00e5 barmhjertig. Hans barmhjertighed er uendelig. Han<br \/>\nops\u00f8ger de fortabte og udst\u00f8dte. Han bes\u00f8ger de foragtede.<br \/>\nHan helbreder de syge. Han tilgiver det menneske som ingen kan tilgive,<br \/>\nog som heller ikke kan tilgive sig selv. Han giver alt. Han giver sig<br \/>\nselv.<\/p>\n<p>Men dermed drager han ogs\u00e5 alle ind i sin virkelighed: \u201dKom<br \/>\ntil mig alle I som er tr\u00e6tte og tyngede af byrder, og jeg skal give<br \/>\njer hvile!\u201d<\/p>\n<p>Og hvad g\u00f8r s\u00e5 vi? Vi mener at der m\u00e5 v\u00e6re en<br \/>\nverdensorden, og at vores liv m\u00e5 have en mening. Der m\u00e5 v\u00e6re<br \/>\net system. Der m\u00e5 v\u00e6re rettigheder. Der m\u00e5 v\u00e6re<br \/>\npligter. Der m\u00e5 v\u00e6re retf\u00e6rdighed.<\/p>\n<p>Peter og de andre apostle siger til Jesus: \u201dSe, vi har forladt<br \/>\nalt og fulgt dig. Hvad f\u00e5r s\u00e5 vi?\u201d Og Jesus lover dem<br \/>\nat n\u00e5r verden fuldendes, og alt bliver nyskabt, og den gamle verden<br \/>\nskal d\u00f8mmes, da skal apostlene sidde p\u00e5 tolv troner og d\u00f8mme<br \/>\nIsraels tolv stammer. Og han siger at den der har forladt alt for at f\u00f8lge<br \/>\nham, skal f\u00e5 det hundreddobbelt igen og arve evigt liv.<\/p>\n<p>Det lyder jo godt! Men s\u00e5 tilf\u00f8jer Jesus: \u201dMen mange<br \/>\naf de f\u00f8rste skal blive de sidste, og mange af de sidste de f\u00f8rste.\u201d<br \/>\nSelvom Jesus lover apostlene en vigtig plads p\u00e5 dommens dag, s\u00e5<br \/>\nskal de lige have at vide at det godt kan g\u00e5 anderledes. Der er<br \/>\ningen sikkerhed. De er i fare!<\/p>\n<p>For de er jo allerede begyndt at t\u00e6nke p\u00e5 deres egen placering<br \/>\ni den store sammenh\u00e6ng: \u201dSe, vi har forladt alt og fulgt dig.<br \/>\nHvad f\u00e5r s\u00e5 vi?\u201d<\/p>\n<p>I det udsagn ligger faren gemt. Det de siger, viser at de stadigv\u00e6k<br \/>\nhar sig selv som centrum! Jesus er n\u00f8dt til at advare dem. Han<br \/>\ner n\u00f8dt til at fort\u00e6lle dem en historie der rydder alle menneskelige<br \/>\nforestillinger om system og retf\u00e6rdighed af vejen &#8211; \u00e9n gang<br \/>\nfor alle.<\/p>\n<p>Den historie som Jesus fort\u00e6ller, kalder vi lignelsen om arbejderne<br \/>\ni ving\u00e5rden. Evangelisten Matth\u00e6us genfort\u00e6ller den,<br \/>\nog vi har lige h\u00f8rt den endnu engang &#8211; for det tilf\u00e6ldes<br \/>\nskyld at vi skulle have glemt den.<\/p>\n<p>Arbejderne henholder sig til et system og en bestemt form for retf\u00e6rdighed.<br \/>\nDet er den form for retf\u00e6rdighed vi er n\u00f8dt til at have i<br \/>\net samfund. Det er den form for retf\u00e6rdighed som handler om os,<br \/>\nog om hvordan vi skal leve sammen i denne verden. Det er retf\u00e6rdigheden<br \/>\nsom den ser ud fra vores synsvinkel.<\/p>\n<p>Mens det er noget andet der er det vigtige for Jesus. Han viser apostlene<br \/>\n&#8211; og os &#8211; hvad der er Guds synsvinkel. Ving\u00e5rdsejeren siger til<br \/>\nde arbejdere der beklager sig: \u201dHar jeg ikke lov at g\u00f8re<br \/>\nhvad jeg vil, med det der er mit?\u201d<\/p>\n<p>Gud har magten. Hans er magten og \u00e6ren og riget &#8211; eller \u201dkraften<br \/>\nog herligheden og riget\u201d, som det hed i en \u00e6ldre overs\u00e6ttelse<br \/>\naf fadervor. Og Gud giver frit og suver\u00e6nt: \u201dJeg vil give<br \/>\nden sidste her det samme som dig,\u201d siger ving\u00e5rdsejeren til<br \/>\nden arbejder der tror at han skal have mere fordi han har arbejdet l\u00e6ngere.<\/p>\n<p>Fuldst\u00e6ndig suver\u00e6nitet. Fuldst\u00e6ndig hensynsl\u00f8s<br \/>\ngavmildhed. Det fuldst\u00e6ndige brud med alle menneskelige forestillinger<br \/>\nom retf\u00e6rdighed &#8211; hvor rimelige de end ellers kan v\u00e6re. S\u00e5dan<br \/>\ner Gud!<\/p>\n<p>Det er den Gud Jesus taler om. Det er den Gud Jesus har som sin Far i<br \/>\nHimlen. Det er den Gud han \u00e5benbarer. Det er den Gud han vil drage<br \/>\nos hen til.<\/p>\n<p>Hvorfor er det s\u00e5 vigtigt, det med Gud? Oldtidens store kirkefader<br \/>\nAugustin siger et sted: \u201dGud og sj\u00e6len beg\u00e6rer jeg at<br \/>\nkende. &#8211; Intet andet? &#8211; Intet andet.\u201d Augustin levede fra 354 til<br \/>\n430. Han blev f\u00f8dt i en af de romerske provinser i Nordafrika,<br \/>\ni det nuv\u00e6rende Algeriet. D\u00e9r var han ogs\u00e5 i de sidste<br \/>\nmange \u00e5r af sit liv biskop.<\/p>\n<p>Denne nordafrikaner fra en l\u00e6ngst forsvunden tid blev en af de<br \/>\nst\u00f8rste skikkelser i kristendommens og den vestlige verdens historie.<br \/>\nHvis man skulle udpege en h\u00e5ndfuld mennesker der tydeligere end<br \/>\nandre har sat deres pr\u00e6g p\u00e5 \u00e5ndshistorien, s\u00e5<br \/>\nville Augustin v\u00e6re blandt dem.<\/p>\n<p>Og hvad var Augustin optaget af? Gud og sj\u00e6len &#8211; og intet andet.<br \/>\nVirkelig intet andet? Nej, intet andet!<\/p>\n<p>At vores sj\u00e6l er v\u00e6rd at v\u00e6re optaget af, det burde<br \/>\nikke overraske. Vil vi ikke gerne vide det afg\u00f8rende om os selv?<br \/>\nVil vi ikke gerne vide hvem vi virkelig er? Vil vi ikke gerne kende m\u00e5let<br \/>\nfor vores inderste str\u00e6ben?<\/p>\n<p>Det vil vi nok. Men Gud? Hvorfor er Gud vigtigere end alt andet? Vi kan<br \/>\njo ikke se Gud. Jesus fort\u00e6ller en historie om noget som apostlene<br \/>\nikke kan se. Og som vi heller ikke kan se.<\/p>\n<p>Gud er vigtig. Gud er livsvigtig for os. For Gud er livet, og Gud er<br \/>\nfriheden.<\/p>\n<p>Alt andet g\u00e5r jo mod d\u00f8den. Vi g\u00e5r selv mod d\u00f8den.<br \/>\nVi k\u00e6mper for livet mod d\u00f8den. Det er det vores liv med hinanden<br \/>\ng\u00e5r ud p\u00e5. Men det er en kamp vi er d\u00f8mt til at tabe.<\/p>\n<p>Men Gud er livskilden. Gud er livet. Og naturligvis kan vi ikke se Gud.<br \/>\nVi kan kun se hans lysende skaberv\u00e6rk. Lysende er det &#8211; selvom alt<br \/>\ner forg\u00e6ngeligt og d\u00f8deligt. Det er det han vil at vi skal<br \/>\nleve i og v\u00e6re i og virke i, skaberv\u00e6rket, jorden, f\u00e6llesskabet,<br \/>\nomsorgen, k\u00e6rligheden.<\/p>\n<p>Lysende &#8211; og farligt og d\u00f8deligt er det. Og gennem dette farlige<br \/>\nog d\u00f8delige liv vil han drage os til sig, for han er livet selv.<br \/>\nHan vil vinde den sejr som vi ikke selv kan vinde, og han vil give os<br \/>\ndel i sejren.<\/p>\n<p>Gud er livet. Og Gud er friheden. I alt menneskeligt er vi jo bundet<br \/>\naf vores retf\u00e6rdighed, vi er bundet til ret og uret, til magt og<br \/>\neftergivenhed, til det vi kalder godt og det vi kalder ondt. Vi er bundet<br \/>\naf vore egne ideer og forestillinger og systemer. Og vi jagter hinanden.<\/p>\n<p>Uden Gud kan vi ikke andet end bem\u00e6gtige os livet og jagte hinanden.<\/p>\n<p>Men alt det g\u00e6lder ikke hos Gud. Hos ham er vi ikke bundet til<br \/>\nalt det der ellers g\u00e6lder. Hos Gud er vi kun bundet til Gud selv.<br \/>\nOg han er et uendeligt dyb af skaberkraft og k\u00e6rlighed. Det er den<br \/>\nh\u00f8jeste frihed.<\/p>\n<p>Gud er hinsides ret og uret &#8211; vores ret og uret &#8211; ja, hinsides godt og<br \/>\nondt &#8211; vore forestillinger om godt og ondt. Han g\u00f8r vores visdom<br \/>\ntil skamme. S\u00e5dan siger Paulus det. Og han siger at Gud inds\u00e6tter<br \/>\nen helt ny visdom. \u201dFor dem der er kaldet, j\u00f8der s\u00e5vel<br \/>\nsom gr\u00e6kere, pr\u00e6diker vi Kristus som Guds kraft og Guds visdom.\u201d<\/p>\n<p>Ikke menneskers visdom. Men Guds kraft og Guds visdom. I dette menneske,<br \/>\ni Kristus Jesus, ham der kom til os i tidens fylde, \u201d\u00e5benbaret<br \/>\ni k\u00f8det, retf\u00e6rdiggjort i \u00c5nden, set af englene, pr\u00e6diket<br \/>\nblandt folkene, troet i verden, taget op i herligheden.\u201d Ogs\u00e5<br \/>\ndet siger Paulus, s\u00e5 smukt og storsl\u00e5et som han kan.<\/p>\n<p>Vi kan ikke se Gud. Men vi kan lytte os til ham. Kan I ikke h\u00f8re<br \/>\nden kraft der er i de f\u00f8rste vidners ord? Apostlene, Paulus is\u00e6r,<br \/>\nkirkef\u00e6drene. Kan de virkelig have haft den kraft, den vision\u00e6re<br \/>\nstorhed, fra sig selv? Er det ikke en st\u00e6rkere kraft? Er det ikke<br \/>\nGud der \u00e5bnede deres \u00f8jne og udvidede deres sind og gav deres<br \/>\nord styrke? Er det ikke den opstandne og himmelfarne Kristus der greb<br \/>\ndem?<\/p>\n<p>Vi kan ikke se Gud. Men vi kan lytte os til Gud. Og vi kan bede os til<br \/>\nGud. Den lignelse Jesus fort\u00e6ller apostlene om ving\u00e5rdsejeren<br \/>\nog arbejderne i ving\u00e5rden er en advarsel og et fors\u00f8g p\u00e5<br \/>\nat rydde grunden. H\u00f8r hvem Gud er! H\u00f8r hvad jeg er kommet<br \/>\nfor at vise jer! H\u00f8r hvor storsl\u00e5et og gavmild og anderledes<br \/>\nGud i virkeligheden er!<\/p>\n<p>Og det er den Gud Jesus selv lytter til og beder til. Han lever i lytten,<br \/>\ni lydighed, og i b\u00f8n. Hans inderste v\u00e6sen er lytten og lydighed<br \/>\nog b\u00f8n. Og han vil ikke andet end drage os ind i sit v\u00e6sen.<br \/>\nHan vil ikke andet end drage os ind i sin lytten og lydighed og b\u00f8n.<br \/>\nDet er det eneste der virkelig kan forvandle os. Det er det eneste der<br \/>\nvirkelig er liv. Det er den eneste sande frihed. Amen.<\/p>\n<hr \/>\n<p><strong>Jan Ulrik Dyrkj\u00f8b<br \/>\nKnud Hjorts\u00f8vej<br \/>\nDK-3500 V\u00e6rl\u00f8se<br \/>\nTel.: ++ 45 &#8211; 44 48 06 04<br \/>\n<a href=\"mailto:jukd@vaerloesesogn.dk\"> jukd@vaerloesesogn.dk<\/a><\/strong><\/p>\n","protected":false},"excerpt":{"rendered":"<p>Septuagesimae | 16.02.2003 | Matth\u00e6us 20,1\u201316 | Jan Ulrik Dyrkj\u00f8b | Jesus vil have os til at se alting p\u00e5 en ny m\u00e5de. Han vil have os til at se alting som Gud ser det. Han vil have os til at opdage at Gud er anderledes. Gud handler anderledes og ser anderledes end vi handler [&hellip;]<\/p>\n","protected":false},"author":1,"featured_media":8543,"comment_status":"closed","ping_status":"closed","sticky":false,"template":"","format":"standard","meta":{"footnotes":""},"categories":[36,727,157,853,108,111,1042,139,349,3,109,857],"tags":[],"beitragende":[],"predigtform":[],"predigtreihe":[],"bibelstelle":[],"class_list":["post-9350","post","type-post","status-publish","format-standard","has-post-thumbnail","hentry","category-matthaeus","category-archiv","category-beitragende","category-bibel","category-current","category-dansk","category-jan-ulrik-dyrkjob","category-kapitel-20-chapter-20","category-kasus","category-nt","category-predigten","category-septuagesimae"],"_links":{"self":[{"href":"https:\/\/www.theologie.uzh.ch\/apps\/gpi\/wp-json\/wp\/v2\/posts\/9350","targetHints":{"allow":["GET"]}}],"collection":[{"href":"https:\/\/www.theologie.uzh.ch\/apps\/gpi\/wp-json\/wp\/v2\/posts"}],"about":[{"href":"https:\/\/www.theologie.uzh.ch\/apps\/gpi\/wp-json\/wp\/v2\/types\/post"}],"author":[{"embeddable":true,"href":"https:\/\/www.theologie.uzh.ch\/apps\/gpi\/wp-json\/wp\/v2\/users\/1"}],"replies":[{"embeddable":true,"href":"https:\/\/www.theologie.uzh.ch\/apps\/gpi\/wp-json\/wp\/v2\/comments?post=9350"}],"version-history":[{"count":3,"href":"https:\/\/www.theologie.uzh.ch\/apps\/gpi\/wp-json\/wp\/v2\/posts\/9350\/revisions"}],"predecessor-version":[{"id":23331,"href":"https:\/\/www.theologie.uzh.ch\/apps\/gpi\/wp-json\/wp\/v2\/posts\/9350\/revisions\/23331"}],"wp:featuredmedia":[{"embeddable":true,"href":"https:\/\/www.theologie.uzh.ch\/apps\/gpi\/wp-json\/wp\/v2\/media\/8543"}],"wp:attachment":[{"href":"https:\/\/www.theologie.uzh.ch\/apps\/gpi\/wp-json\/wp\/v2\/media?parent=9350"}],"wp:term":[{"taxonomy":"category","embeddable":true,"href":"https:\/\/www.theologie.uzh.ch\/apps\/gpi\/wp-json\/wp\/v2\/categories?post=9350"},{"taxonomy":"post_tag","embeddable":true,"href":"https:\/\/www.theologie.uzh.ch\/apps\/gpi\/wp-json\/wp\/v2\/tags?post=9350"},{"taxonomy":"beitragende","embeddable":true,"href":"https:\/\/www.theologie.uzh.ch\/apps\/gpi\/wp-json\/wp\/v2\/beitragende?post=9350"},{"taxonomy":"predigtform","embeddable":true,"href":"https:\/\/www.theologie.uzh.ch\/apps\/gpi\/wp-json\/wp\/v2\/predigtform?post=9350"},{"taxonomy":"predigtreihe","embeddable":true,"href":"https:\/\/www.theologie.uzh.ch\/apps\/gpi\/wp-json\/wp\/v2\/predigtreihe?post=9350"},{"taxonomy":"bibelstelle","embeddable":true,"href":"https:\/\/www.theologie.uzh.ch\/apps\/gpi\/wp-json\/wp\/v2\/bibelstelle?post=9350"}],"curies":[{"name":"wp","href":"https:\/\/api.w.org\/{rel}","templated":true}]}}