{"id":9624,"date":"2021-02-07T19:49:53","date_gmt":"2021-02-07T19:49:53","guid":{"rendered":"https:\/\/theologie.whp.uzh.ch\/apps\/gpi\/?p=9624"},"modified":"2022-09-12T12:30:37","modified_gmt":"2022-09-12T10:30:37","slug":"der-reiche-kornbauer","status":"publish","type":"post","link":"https:\/\/www.theologie.uzh.ch\/apps\/gpi\/der-reiche-kornbauer\/","title":{"rendered":"Der reiche Kornbauer"},"content":{"rendered":"<p><strong>Erntedank<br \/>\nLukas 12, 16-21 (Der reiche Kornbauer)<\/strong><\/p>\n<p>Jesus sagte ihnen ein Gleichnis: <em>Es war ein reicher Mensch, dessen Feld hatte gut getragen. &#8222;Was soll ich jetzt tun?&#8220; \u00fcberlegte der. &#8222;Ich wei\u00df gar\u00a0nicht, wo ich das alles unterbringen soll.&#8220; Und er sprach: &#8222;Das will ich tun: ich rei\u00dfe meine Scheunen\u00a0ab und baue gr\u00f6\u00dfere. Dann kann ich das ganze Getreide und\u00a0alle mein Vorr\u00e4te dort unterbringen und kann zu mir selbst sagen:\u00a0Gut gemacht! Liebe Seele, du hast einen gro\u00dfen Vorrat f\u00fcr\u00a0viele Jahre ; habe nun Ruhe, i\u00df und trink und habe guten Mut.&#8220; Aber Gott sprach zu ihm: Du Narr! Diese Nacht wird man Deine Seele von\u00a0dir fordern; und wem wird dann geh\u00f6ren, was du angeh\u00e4uft hast?&#8220;\u00a0<\/em><em>Und Jesus schlo\u00df: &#8222;So steht es mit allen, die f\u00fcr sich<\/em>\u00a0<em>selber Besitz aufh\u00e4ufen, aber bei Gott nichts besitzen.&#8220;<\/em><\/p>\n<p>Harter Tobak, diese Geschichte oder? Im Lukasevangelium im 12. Kapitel\u00a0steht die. Und ich f\u00fchl\u00b4 mich schon angesprochen. Denn f\u00fcr\u00a0mich steckt in dieser Geschichte etwas von einer bestimmten Lebenshaltung,\u00a0die &#8211; glaube ich &#8211; in ganz vielen von uns steckt. Und davon will ich\u00a0reden.<\/p>\n<p>F\u00fcr mich ist das die Geschichte von einem, dessen Lebensinhalt\u00a0&#8211; wie soll ich das sagen &#8211; im Schaffen besteht, von einem Menschen, der arbeitet und arbeitet, weil er es sp\u00e4ter\u00a0einmal gut haben will, und deshalb kaum zur Besinnung kommt, weil er\u00a0&#8211; nur als Beispiel &#8211; zuerst das Haus umbaut.\u00a0Wenn das geschafft ist, f\u00fcr ein gr\u00f6\u00dferes Auto spart, dann f\u00fcr eine neue CD-Anlage oder was wei\u00df ich und sich \u2013 wenn er dann alles hat- wom\u00f6glich noch Sorgen macht, weil er in diesen Niedrigzinszeiten sein Geld kaum vern\u00fcnftig anlegen\u00a0kann. Und bei all dem das andere ganz vergi\u00dft:<\/p>\n<p>z.B. Zeit zu haben f\u00fcr die Familie, f\u00fcr die Kinder, weil er\u00a0in seiner knapp bemessenen Freizeit abends vor dem Fernseher und morgens\u00a0hinter der Zeitung sitzt.\u00a0Der vielleicht vergi\u00dft, mit seiner Frau, mit seinen Freunden \u00fcber\u00a0die t\u00e4glichen Probleme zu reden,\u00a0bis dahin, da\u00df er bei dem vollen Programm, das er sich macht, \u00a0v\u00f6llig vergi\u00dft, auch mal &#8222;Danke, Gott&#8220; zu sagen.<\/p>\n<p>Wenn das alles zu kurz kommt, kann das irgendwann einmal bitter werden.\u00a0N\u00e4mlich dann, wenn Gott wie in der Geschichte zu uns sagt: Heute\u00a0nacht ist es soweit, heute nacht wird man dein Leben von dir zur\u00fcckfordern.<\/p>\n<p>Wir modernen Menschen heute, wir wissen, da\u00df Leistung &#8211; auch Besitz\u00a0&#8211; z\u00e4hlt. Da\u00df Leistung entscheidet. Wir haben volle Terminkalender,\u00a0weil wir sonst in den Augen andrer und in den eigenen Augen nichts z\u00e4hlen.<\/p>\n<p>Ja, und manchmal denke ich dann, ob wir nicht das Wesentliche \u00fcbersehen.<\/p>\n<p>Jetzt am Wochenende traf einen alten Mann, \u00fcber 90 Jahre alt aus\u00a0meiner alten Gemeinde. Und dort h\u00f6rte ich den nicht unbekannten\u00a0Satz: &#8222;Ach wissen Sie, Herr Pastor, fr\u00fcher war doch alles anderes.&#8220; Und\u00a0wenn ich dann frage: &#8222;Was denn?&#8220;, dann kam eben nicht die Antwort,\u00a0da\u00df die Alten von heute fr\u00fcher viel besser erzogen wurden\u00a0und viel schwerer arbeiten mu\u00dften und so weiter, nein, der alte\u00a0Mann sagte:&#8220; Als ich jung war, hatten wir doch noch <strong>mehr\u00a0Zeit<\/strong> als\u00a0die jungen Leute heute.&#8220;<\/p>\n<p>Die Antwort hat mir zu denken gegeben. Manchmal denke ich: Vergessen\u00a0wir nicht bei allem, was wir so tun, das Wesentliche? \u00a0Bei der Arbeit f\u00fcr den Erfolg, bei der Arbeit f\u00fcr die Rente,\u00a0f\u00fcr ein Haus?<\/p>\n<p>Betreiben wir nicht manchmal Raubbau an unserem K\u00f6rper, weil es\u00a0immer weitergehen mu\u00df?<\/p>\n<p>Und in diesem Zusammenhang:\u00a0Und was ist eigentlich mit dem, was ich mir von meinem Leben einmal gew\u00fcnscht\u00a0habe? Wovon ich mal getr\u00e4umt habe?\u00a0Die Frage mu\u00df ja erlaubt sein.<\/p>\n<p>Im Konfirmandenunterricht habe ich einmal einen Wunschlebenslauf zeichnen\u00a0lassen: Die Jungen und M\u00e4dchen sollten auf einer Zeitleiste aufmalen\u00a0oder aufschreiben, was sie sich f\u00fcr ihr Leben w\u00fcnschen. Was\u00a0w\u00fcnsche ich mir, wenn ich 20, 30, 40, 50, 60 oder 70 Jahre alt bin,\u00a0bis zu dem Tag, an dem ich sterben werde?<\/p>\n<p>Gut, bei durchaus nicht wenigen stand und es war nett zu lesen: &#8220; Mit\u00a028&#8243;, so eine Konfirmandin, &#8222;heirate ich einen netten und gutaussehenden\u00a0Mann, sp\u00e4ter machen wir uns ein sch\u00f6nes Leben und mein Sohn\u00a0wird Rechtsanwalt und meine Tochter \u00c4rztin. Au\u00dferdem ziehen\u00a0wir nach Florida.&#8220; Klare Vorstellungen.<\/p>\n<p>Aber es stand auch da: &#8222;Ich will arbeiten, und gl\u00fccklich sein.\u00a0Allerdings will ich immer Zeit \u00fcbrig haben f\u00fcr meine Tr\u00e4ume.&#8220;\u00a0Oder: &#8222;Ich will mal mehr Zeit haben f\u00fcr mein Kinder.&#8220;<\/p>\n<p>Und eine andere schrieb bei jedem Jahrzehnt neben ihren Vorstellungen\u00a0von Hausbau, Auto, etc. die Worte &#8222;Gl\u00fccklich sein&#8220;. Neben\u00a0die 30 Jahre gl\u00fccklich sein. Neben die 40. Neben die 60. Bis zum\u00a0Schlu\u00df -gl\u00fccklich sein.<\/p>\n<p>Welche Dinge mu\u00df ich eigentlich tun, um gl\u00fccklich zu sein?\u00a0Was tut mir eigentlich gut?<\/p>\n<p>Vielleicht mal ein paar Tage nur mit meiner Frau wegfahren? Oder mal\u00a0&#8211; ganz banal &#8211; bei dem vielen Sitzen etwas f\u00fcr die Gesundheit tun?<\/p>\n<p>Anders ausgedr\u00fcckt: Was sind die Quellen meiner Kraft? Was tut mir pers\u00f6nlich gut? Was\u00a0mu\u00df ich tun, damit bei mir im Innern alles stimmt? Denn da h\u00e4ngt\u00a0ja vieles zusammen.<\/p>\n<p>\u00dcberlegen Sie mal -Was sind die Quellen meiner Kraft? Wie erreiche\u00a0ich es, gl\u00fccklich zu sein? Wof\u00fcr m\u00f6chte ich mehr Zeit<br \/>\nhaben?<\/p>\n<p>Und wenn ich mir jetzt vor meinen geistigen Auge mal Montag, Dienstag,\u00a0Mittwoch, also meine normale Woche vorstelle, wo habe ich mir Platz f\u00fcr\u00a0diese Dinge einger\u00e4umt?<\/p>\n<p>Ich will mich nicht so verkalkulieren wie der reiche Kornbauer in dem\u00a0Gleichnis, der nur an die gr\u00f6\u00dfere Kornscheune dachte.<\/p>\n<p>Viel zu haben auf den verschiedensten Konten, aber kein Zeitkonto f\u00fcr\u00a0mich, f\u00fcr mein Familie, kein Konto f\u00fcr Gott- das kann es ja\u00a0irgendwie nicht sein.<\/p>\n<p>Denn Gott will, da\u00df es mir gut geht.\u00a0Gott will, da\u00df ich mir Zeit nehme, nat\u00fcrlich f\u00fcr mein\u00a0Arbeit. Aber auch f\u00fcr mich, f\u00fcr die Partnerschaft, f\u00fcr\u00a0die Freunde.\u00a0Gott will, da\u00df ich nicht nur materiell f\u00fcr mich\u00a0sorge,\u00a0Gott will, da\u00df ich nicht immer wegrenne und dies oder das mache\u00a0und keine Zeit mehr f\u00fcr mich habe.\u00a0Gott will, da\u00df ich Zeit f\u00fcr\u00a0ihn habe.<\/p>\n<p>Da\u00df ich solche Vorr\u00e4te in meine Scheune sammle, das w\u00fcnsch\u00a0ich mir.<br \/>\nAmen<\/p>\n<hr \/>\n<p>EG 585<\/p>\n<p>Gebet:<br \/>\nHerr, mein Gott: Ich m\u00f6chte mich fragen. Immer wieder: Woraus lebe<br \/>\nich? Wo nehme ich meine Kraft her? Wof\u00fcr will ich leben und arbeiten?<br \/>\nHilf uns, da\u00df unsere Antwort auch etwas mit Dir zu tun hat.. Hilf<br \/>\nuns, da\u00df wir auch Dir einen Platz bei uns einr\u00e4umen.<br \/>\nAmen<\/p>\n<hr \/>\n<p><strong>Pastor Rainer M\u00fcller-Brandes, Hannover<br \/>\n<a href=\"mailto:rainer.mueller-brandes@evlka.de\">rainer.mueller-brandes@evlka.de <\/a> <\/strong><\/p>\n","protected":false},"excerpt":{"rendered":"<p>Erntedank Lukas 12, 16-21 (Der reiche Kornbauer) Jesus sagte ihnen ein Gleichnis: Es war ein reicher Mensch, dessen Feld hatte gut getragen. &#8222;Was soll ich jetzt tun?&#8220; \u00fcberlegte der. &#8222;Ich wei\u00df gar\u00a0nicht, wo ich das alles unterbringen soll.&#8220; Und er sprach: &#8222;Das will ich tun: ich rei\u00dfe meine Scheunen\u00a0ab und baue gr\u00f6\u00dfere. Dann kann ich [&hellip;]<\/p>\n","protected":false},"author":1,"featured_media":8461,"comment_status":"closed","ping_status":"closed","sticky":false,"template":"","format":"standard","meta":{"footnotes":""},"categories":[38,1,255,727,120,853,114,560,400,349,3,109],"tags":[],"beitragende":[],"predigtform":[],"predigtreihe":[],"bibelstelle":[],"class_list":["post-9624","post","type-post","status-publish","format-standard","has-post-thumbnail","hentry","category-lukas","category-aktuelle","category-andachten-und-kurzpredigten","category-archiv","category-bes_gelegenheiten","category-bibel","category-deut","category-erntedank","category-kapitel-12-chapter-12-lukas","category-kasus","category-nt","category-predigten"],"_links":{"self":[{"href":"https:\/\/www.theologie.uzh.ch\/apps\/gpi\/wp-json\/wp\/v2\/posts\/9624","targetHints":{"allow":["GET"]}}],"collection":[{"href":"https:\/\/www.theologie.uzh.ch\/apps\/gpi\/wp-json\/wp\/v2\/posts"}],"about":[{"href":"https:\/\/www.theologie.uzh.ch\/apps\/gpi\/wp-json\/wp\/v2\/types\/post"}],"author":[{"embeddable":true,"href":"https:\/\/www.theologie.uzh.ch\/apps\/gpi\/wp-json\/wp\/v2\/users\/1"}],"replies":[{"embeddable":true,"href":"https:\/\/www.theologie.uzh.ch\/apps\/gpi\/wp-json\/wp\/v2\/comments?post=9624"}],"version-history":[{"count":1,"href":"https:\/\/www.theologie.uzh.ch\/apps\/gpi\/wp-json\/wp\/v2\/posts\/9624\/revisions"}],"predecessor-version":[{"id":13211,"href":"https:\/\/www.theologie.uzh.ch\/apps\/gpi\/wp-json\/wp\/v2\/posts\/9624\/revisions\/13211"}],"wp:featuredmedia":[{"embeddable":true,"href":"https:\/\/www.theologie.uzh.ch\/apps\/gpi\/wp-json\/wp\/v2\/media\/8461"}],"wp:attachment":[{"href":"https:\/\/www.theologie.uzh.ch\/apps\/gpi\/wp-json\/wp\/v2\/media?parent=9624"}],"wp:term":[{"taxonomy":"category","embeddable":true,"href":"https:\/\/www.theologie.uzh.ch\/apps\/gpi\/wp-json\/wp\/v2\/categories?post=9624"},{"taxonomy":"post_tag","embeddable":true,"href":"https:\/\/www.theologie.uzh.ch\/apps\/gpi\/wp-json\/wp\/v2\/tags?post=9624"},{"taxonomy":"beitragende","embeddable":true,"href":"https:\/\/www.theologie.uzh.ch\/apps\/gpi\/wp-json\/wp\/v2\/beitragende?post=9624"},{"taxonomy":"predigtform","embeddable":true,"href":"https:\/\/www.theologie.uzh.ch\/apps\/gpi\/wp-json\/wp\/v2\/predigtform?post=9624"},{"taxonomy":"predigtreihe","embeddable":true,"href":"https:\/\/www.theologie.uzh.ch\/apps\/gpi\/wp-json\/wp\/v2\/predigtreihe?post=9624"},{"taxonomy":"bibelstelle","embeddable":true,"href":"https:\/\/www.theologie.uzh.ch\/apps\/gpi\/wp-json\/wp\/v2\/bibelstelle?post=9624"}],"curies":[{"name":"wp","href":"https:\/\/api.w.org\/{rel}","templated":true}]}}