{"id":9678,"date":"2021-02-07T19:49:40","date_gmt":"2021-02-07T19:49:40","guid":{"rendered":"https:\/\/theologie.whp.uzh.ch\/apps\/gpi\/?p=9678"},"modified":"2022-10-05T15:16:49","modified_gmt":"2022-10-05T13:16:49","slug":"en-adventspraediken-uden-tekst","status":"publish","type":"post","link":"https:\/\/www.theologie.uzh.ch\/apps\/gpi\/en-adventspraediken-uden-tekst\/","title":{"rendered":"En adventspr\u00e6diken uden tekst"},"content":{"rendered":"<p>Der findes ventetid og for-ventningstid.<br \/>\nAdventstiden er begge dele &#8211; vi b\u00e5de venter og forventer.<br \/>\nMen er der da overhovedet nogen forskel p\u00e5 de to ord? Er at vente ikke<br \/>\ndet samme som at forvente?<br \/>\nJo, netop i adventstiden kunne man godt sl\u00e5 ordene over en kam og sige,<br \/>\nat her b\u00e5de venter og forventer vi. Vi venter p\u00e5, at julen skal<br \/>\nkomme, at Gud skal b\u00f8je sig helt ned til vores jord; S\u00e5 langt<br \/>\nat han selv bliver en del af den. Og fordi vi allerede ved, hvem det er vi<br \/>\nventer p\u00e5, s\u00e5 forventer vi os alt godt af det, der skal komme.<br \/>\nVi tror, at det, at Gud b\u00f8jer sig helt ned under jorden og kommer op<br \/>\nigen af den, skabt som ethvert menneske, af jorden, b\u00e5ret i en kvindes<br \/>\nlivmoder, det betyder, at han for alvor har gjort sig til \u00e9t med os<br \/>\nog dermed sagt god for vores menneskelighed i al dens storhed og br\u00f8stf\u00e6ldighed,<br \/>\nstyrke og skr\u00f8belighed.<br \/>\nI adventstiden forener ventetid og forventningstid sig og bliver til en god<br \/>\ntid. Ventetiden fors\u00f8des af, at vi allerede ved, hvad der er, vi venter<br \/>\np\u00e5.<br \/>\nVi ved, hvad vi kan forvente, og at det er noget godt. Og det er netop pointen<br \/>\nved adventstiden: at vi ved, hvad vi venter p\u00e5 og derfor t\u00f8r vi<br \/>\nforvente os alt godt. Det g\u00f8r ventetiden rolig, vi kan vente med smil<br \/>\nog gl\u00e6de os stille.<\/p>\n<p>S\u00e5dan er det ikke al ventetid, der er.<br \/>\nN\u00e5r vi venter p\u00e5 noget, s\u00e5 er det tit med uro og \u00e6ngstelse.<br \/>\nEller m\u00e5ske endda med irritation, forurettelse eller vrede. Hvorfor<br \/>\nkommer det ikke, det, jeg venter p\u00e5? Eller hvorn\u00e5r kommer<br \/>\ndet?<br \/>\nVi venter p\u00e5 resultatet af unders\u00f8gelsen p\u00e5 hospitalet \u2013 er<br \/>\nvi syge eller raske?<br \/>\nVi venter p\u00e5 svar p\u00e5 det job, vi har s\u00f8gt, bliver<br \/>\nvi antaget eller kasseret ?<br \/>\nVi venter p\u00e5 k\u00e6rligheden, er der \u00e9n derude, der venter<br \/>\np\u00e5 os?<br \/>\nVi venter p\u00e5 barnet, bliver det et rask barn?<br \/>\nVi venter p\u00e5 lykken, p\u00e5 livet, p\u00e5 d\u00f8den, p\u00e5 at<br \/>\nsorgen skal g\u00e5 over, eller at gl\u00e6den skal komme.<br \/>\nVi venter p\u00e5 meningen, svaret, en forst\u00e5else.<br \/>\nVladimir og Estragon ventede p\u00e5 Godot i det skuespil, der skildrer menneskers<br \/>\nventen p\u00e5 en mening i tilv\u00e6relsen. Godot kom aldrig, de to vagabonder,<br \/>\nEstragon og Vladimir, ventede forg\u00e6ves, for det var pr\u00e6cis forfatterens<br \/>\nmening at fort\u00e6lle os tilskuere, at der ikke findes en mening med livet,<br \/>\ntilv\u00e6relsen er i sig selv meningsl\u00f8s.<br \/>\nDen uro det er at vente p\u00e5 noget, som vi ikke er sikre p\u00e5, nogensinde<br \/>\nkommer, kender de fleste. Som Vladimir og Estragon venter vi p\u00e5, at livet<br \/>\nskal g\u00e5 op. At meningen med det hele skal vise sig og alt l\u00e6gge<br \/>\nsig til rette i et smukt m\u00f8nster. Men det er en \u00e6ngstelig ventetid,<br \/>\nfor det er vores erfaring, at livet s\u00e5 ofte netop ikke g\u00e5r op.<\/p>\n<p>Vi er tit ut\u00e5lmodige i vores venten.<br \/>\nModerne mennesker er begyndt at synes, at det er urimeligt, at vi skal<br \/>\nvente. Der er g\u00e5et en ret i vores venten. Vi mener, at vi har<br \/>\nret til lykken, k\u00e6rligheden, barnet, gl\u00e6den, meningen.<br \/>\nVi har ikke mere tid til at vente p\u00e5, at det kommer til os eller<br \/>\nt\u00e5lmodighed til at affinde os med, at det m\u00e5ske ikke kommer<br \/>\ni den skikkelse, vi \u00f8nsker os det.<br \/>\nVi mangler gelassenhed, t\u00e5lmod. Gelassenhed forst\u00e5et som<br \/>\ndet at vente p\u00e5, at tingene kommer af sig selv. Og fordi vi mangler<br \/>\ngelassenhed, s\u00e5 bliver vi udad-farende, aggressive i vores venten.<br \/>\nVi farer ud og vil tage selv. Vi rager til os.<br \/>\nNogen har bildt os ind, at vi ikke skal vente, men selv skal skabe livet,<br \/>\nat vi selv skal smede vores lykke og derfor sveder vi angstens sved i<br \/>\nvores livs esse, for hvad nu hvis det ikke lykkes os??<br \/>\nNogen har haft held til at plante den tanke i os, at vores verden er<br \/>\ntom, og at vi selv skal s\u00f8rge for at fylde noget i den. S\u00e5 hvis<br \/>\ndu ikke selv g\u00e5r ud og skaffer dig lykken, s\u00e5 f\u00e5r du<br \/>\nden ikke. Der er ikke noget derude at vente p\u00e5, siger de. Den,<br \/>\nder bare venter, er en nar, ham g\u00e5r livet forbi, mens vi atter<br \/>\nfarer ad sted for at indhente det og rage det til os.<br \/>\nDe, der ikke kan klare den most, resignerer. De magter ikke det store<br \/>\nsmedearbejde med livets lykke og giver op i resignation.<br \/>\nAt rage til sig og at resignere er lige slemt.<\/p>\n<p>De, der pr\u00e6diker, at verden er tom og at mening er noget, du skal<br \/>\nbidrage med selv, de pr\u00e6diker Fandens sag. For det er dj\u00e6velsk<br \/>\nat bilde mennesker ind, at vi selv skal give fylde i vores liv og at<br \/>\nvi ikke kan vente sig andet godt end det, vi selv skaber. Hvilken byrde<br \/>\ner det ikke at l\u00e6gge p\u00e5 vores skuldre?!<br \/>\nOg det er en l\u00f8gn.<\/p>\n<p>Adventstiden siger det modsatte. Den siger, at tiden er fuld af noget,<br \/>\nder kommer til os af sig selv.<br \/>\nDu er ikke, hvad du selv producerer &#8211; du er, hvad du modtager.<br \/>\nDu er, hvad der kommer til dig.<br \/>\nKristendommen s\u00e6tter en streg over vores foretagsomhed, den modsiger<br \/>\nkampen om tilv\u00e6relsen ved at sige til os, at det, det drejer sig<br \/>\nom er at modtage og give det videre, du selv har modtaget.<br \/>\nDet er alt og alt nok.<br \/>\nOg du har rigeligt at g\u00f8re i dit liv med at g\u00f8re d\u00e9t.<br \/>\nI adventstiden venter vi p\u00e5 den Gud, der kommer helt af sig selv.<br \/>\nDen Gud, der er k\u00e6rlighed og accept af os, og Han kommer helt af<br \/>\nsig selv. Hele \u00e5ret har vi m\u00e5ske slidt os tr\u00e6tte med<br \/>\nden tunge byrde det er at tro, at vi skal skabe livet. Men nu er adventstiden<br \/>\nher, og det viser sig, at det hele kommer af sig selv. Adventstiden er<br \/>\nat finde hvile i en forventning om, at alt bliver godt. Ogs\u00e5 selvom<br \/>\nvi m\u00e5ske ser tilbage p\u00e5 et \u00e5r, der blev fyldt med skuffelser<br \/>\nog savn. Adventstiden er at forvente, at der altid er noget mere end<br \/>\nvores skuffelser og afsavn. Der er altid mere i vente. Isen lukker sig<br \/>\nikke \u2013 advent er en v\u00e5ge i isen &#8211; en \u00e5bning, hvor der<br \/>\ner liv.<\/p>\n<p>Der er dem, der mener at kristendommens vigtigste bud er dem, der st\u00e5r<br \/>\ni Moselovens ti bud. Hvis vi overholder dem, er vi gode nok.<br \/>\nS\u00e5dan er det ikke.<br \/>\nKristendommens vigtigste bud, som det lyder i adventstiden, er gener\u00f8sitet.<br \/>\nAt v\u00e6re gener\u00f8s er at have \u00e5bne h\u00e6nder. At v\u00e6re \u00f8dsel<br \/>\nmed sit.<br \/>\nHvad skal der til for at kunne v\u00e6re gener\u00f8s?<br \/>\nDer skal en bestemt forventning til, nemlig den, at der ikke er sammenh\u00e6ng<br \/>\nmellem det, man har og det, man giver ud. At v\u00e6re gener\u00f8s er at<br \/>\nv\u00e6re overbevist om, at ens h\u00e6nder altid er fulde, fordi man altid<br \/>\nf\u00e5r givet.<br \/>\nGener\u00f8sitet er det modsatte af b\u00e5de gr\u00e5dighed og gerrighed.<br \/>\nI gr\u00e5dighed rager man til sig. I gerrighed holder man fast fordi man<br \/>\ner bange for at der ikke kommer mere.<br \/>\nAt v\u00e6re gener\u00f8s er at v\u00e6re overbevist om, at man altid f\u00e5r.<\/p>\n<p>Adventstiden er gener\u00f8sitetens tid. Mens vi t\u00e6ller vores<br \/>\nkroner i den dyre december, s\u00e5 lyder det her i huset, at vi altid<br \/>\nkan forvente, at der er rigeligt af det, vi virkelig lever af, og at<br \/>\ndet kommer af sig selv.<br \/>\nSe, din konge kommer til dig, sagtmodig, ridende p\u00e5 et \u00e6sel.<br \/>\nVi venter med h\u00e6nderne i ro og forventer os alt godt.<\/p>\n<p><strong>Sognepr\u00e6st Kirsten J\u00f8rgensen<br \/>\nPr\u00e6stegade 2<br \/>\nDK-5300 Kerteminde<br \/>\nTel.: ++ 45 &#8211; 65 32 13 20<br \/>\n<a href=\"mailto:kjoe@km.dk\">e-mail: kjoe@km.dk<\/a><\/strong><\/p>\n<p>&nbsp;<\/p>\n","protected":false},"excerpt":{"rendered":"<p>Der findes ventetid og for-ventningstid. Adventstiden er begge dele &#8211; vi b\u00e5de venter og forventer. Men er der da overhovedet nogen forskel p\u00e5 de to ord? Er at vente ikke det samme som at forvente? Jo, netop i adventstiden kunne man godt sl\u00e5 ordene over en kam og sige, at her b\u00e5de venter og forventer [&hellip;]<\/p>\n","protected":false},"author":1,"featured_media":8543,"comment_status":"closed","ping_status":"closed","sticky":false,"template":"","format":"standard","meta":{"footnotes":""},"categories":[727,108,111,3,296,109],"tags":[],"beitragende":[],"predigtform":[],"predigtreihe":[],"bibelstelle":[],"class_list":["post-9678","post","type-post","status-publish","format-standard","has-post-thumbnail","hentry","category-archiv","category-current","category-dansk","category-nt","category-predigt-ohne-spez-bibelstelle","category-predigten"],"_links":{"self":[{"href":"https:\/\/www.theologie.uzh.ch\/apps\/gpi\/wp-json\/wp\/v2\/posts\/9678","targetHints":{"allow":["GET"]}}],"collection":[{"href":"https:\/\/www.theologie.uzh.ch\/apps\/gpi\/wp-json\/wp\/v2\/posts"}],"about":[{"href":"https:\/\/www.theologie.uzh.ch\/apps\/gpi\/wp-json\/wp\/v2\/types\/post"}],"author":[{"embeddable":true,"href":"https:\/\/www.theologie.uzh.ch\/apps\/gpi\/wp-json\/wp\/v2\/users\/1"}],"replies":[{"embeddable":true,"href":"https:\/\/www.theologie.uzh.ch\/apps\/gpi\/wp-json\/wp\/v2\/comments?post=9678"}],"version-history":[{"count":1,"href":"https:\/\/www.theologie.uzh.ch\/apps\/gpi\/wp-json\/wp\/v2\/posts\/9678\/revisions"}],"predecessor-version":[{"id":13953,"href":"https:\/\/www.theologie.uzh.ch\/apps\/gpi\/wp-json\/wp\/v2\/posts\/9678\/revisions\/13953"}],"wp:featuredmedia":[{"embeddable":true,"href":"https:\/\/www.theologie.uzh.ch\/apps\/gpi\/wp-json\/wp\/v2\/media\/8543"}],"wp:attachment":[{"href":"https:\/\/www.theologie.uzh.ch\/apps\/gpi\/wp-json\/wp\/v2\/media?parent=9678"}],"wp:term":[{"taxonomy":"category","embeddable":true,"href":"https:\/\/www.theologie.uzh.ch\/apps\/gpi\/wp-json\/wp\/v2\/categories?post=9678"},{"taxonomy":"post_tag","embeddable":true,"href":"https:\/\/www.theologie.uzh.ch\/apps\/gpi\/wp-json\/wp\/v2\/tags?post=9678"},{"taxonomy":"beitragende","embeddable":true,"href":"https:\/\/www.theologie.uzh.ch\/apps\/gpi\/wp-json\/wp\/v2\/beitragende?post=9678"},{"taxonomy":"predigtform","embeddable":true,"href":"https:\/\/www.theologie.uzh.ch\/apps\/gpi\/wp-json\/wp\/v2\/predigtform?post=9678"},{"taxonomy":"predigtreihe","embeddable":true,"href":"https:\/\/www.theologie.uzh.ch\/apps\/gpi\/wp-json\/wp\/v2\/predigtreihe?post=9678"},{"taxonomy":"bibelstelle","embeddable":true,"href":"https:\/\/www.theologie.uzh.ch\/apps\/gpi\/wp-json\/wp\/v2\/bibelstelle?post=9678"}],"curies":[{"name":"wp","href":"https:\/\/api.w.org\/{rel}","templated":true}]}}