{"id":9923,"date":"2021-02-07T19:49:29","date_gmt":"2021-02-07T19:49:29","guid":{"rendered":"https:\/\/theologie.whp.uzh.ch\/apps\/gpi\/?p=9923"},"modified":"2022-10-27T12:55:46","modified_gmt":"2022-10-27T10:55:46","slug":"juan-13","status":"publish","type":"post","link":"https:\/\/www.theologie.uzh.ch\/apps\/gpi\/juan-13\/","title":{"rendered":"Juan 13"},"content":{"rendered":"<div align=\"left\">\u00a1Gracia y paz de parte de nuestro Se\u00f1or Jesucristo, el que era, es y ser\u00e1 siempre!<\/div>\n<p>Queridos hermanos y hermanas en el Se\u00f1or,<\/p>\n<p>una de las caracter\u00edsticas que m\u00e1s me atraen del evangelio de Juan, es su riqueza en im\u00e1genes cuando desea referirse a cuestiones importantes.<\/p>\n<p>Desde el capitulo 13 hasta el 21 final del libro, se desarrollan los relatos que tienen que ver con los anuncios de las cosas que han de ir sucediendo; pasi\u00f3n, muerte y resurrecci\u00f3n del Se\u00f1or.<\/p>\n<p>Este fragmento en especial se refiere al anuncio de Jes\u00fas sobre el env\u00edo del Esp\u00edritu Santo a quien llama \u201cel defensor\u201d, y como caracter\u00edstica principal del Esp\u00edritu advierte que les ense\u00f1ar\u00e1 y recordar\u00e1 todas las cosas que \u00c9l ha dicho.<\/p>\n<p>Pero para que esto suceda debe haber un compromiso claro y visible; <em>\u201cel\/la que me ama hace caso a mi palabra y mi Padre le amara y mi Padre yo vendremos a vivir con \u00e9l\/ella\u201d<\/em><\/p>\n<p>Ese amor consiste en transformarse entre otras cosas en multiplicadores\/as del evangelio, ser participes activos\/as en el desarrollo del Reino de Dios, sirviendo y no sirvi\u00e9ndose, ayudando y no aprovech\u00e1ndose, acompa\u00f1ando en el dolor, formando parte de la comunidad de creyentes. Poniendo de manifiesto las injusticias y el mecanismo de muerte, discriminaci\u00f3n, marginaci\u00f3n en nuestras sociedades. Haciendo que nuestras comunidades sean evang\u00e9licas y no simil clubes de personas de cual o tal ascendencia.<\/p>\n<p>Si dejamos que el Esp\u00edritu Santo act\u00fae podremos realizar estas cosas que nos han sido ense\u00f1adas, permitamos que \u00e9l nos recuerde que significa ser colaboradores del reino. \u00bfes ser cerrados? \u00bfes ser individualistas? \u00bfes marginar? \u00bfes callar?<\/p>\n<p>\u00bf es no compartir? \u00bf es negar a nuestro Se\u00f1or? \u00bfes cerrar nuestra mano al pedido de ayuda?<\/p>\n<p>\u00bfes servir y ser c\u00f3mplice de un sistema que mata d\u00eda a d\u00eda a millones de personas? \u00bfes mantener nuestros templos cerrados para que el Esp\u00edritu de Dios no traiga a los que necesitan ser amados, acompa\u00f1ados, ayudados, integrados?<\/p>\n<p>Ninguna de estas cosas es amar a Cristo y hacer caso a sus palabras, por lo tanto si hacemos todas estas cosas no estamos \u201captos\u201d para recibir en nuestras comunidades a \u201cel defensor\u201d, porque cerraremos nuestros o\u00eddos, corazones y mentes a su ense\u00f1anza.<\/p>\n<p>Ahora, si estamos prestos a recibir al Esp\u00edritu Santo, debemos estar dispuestos a dejarlo actuar; recuerden aquellas palabras de Jes\u00fas que dicen \u201cel Esp\u00edritu es como el viento no se sabe de donde viene ni adonde va\u201d es por ello que no podemos construir comunidades a nuestra medida sino a la medida de Dios (el evangelio nos ayuda a esto).<\/p>\n<p>Anunciar las ense\u00f1anzas de Cristo puede traernos inconvenientes, es por ello que Jes\u00fas nos habla de dejarnos \u201csu paz\u201d una paz muy diferente a la que conocemos, no es solo un cese de la guerra, las discusiones absurdas, las persecuciones y asesinatos por anunciar el evangelio, es mucho m\u00e1s, es armon\u00eda con todo los que nos rodea, paciencia, tranquilidad y por sobre todo seguridad de que \u00c9l no nos abandona y que si cumplimos con su pedido \u201cel defensor\u201d permanecer\u00e1 en medio nuestro, actuando y ayud\u00e1ndonos a servir al Se\u00f1or no solo en el \u00e1mbito de nuestras comunidades sino tambi\u00e9n en todos los dem\u00e1s lugares en los cuales estemos presentes.<\/p>\n<p>Que Dios nos permita realizar estas cosas.<\/p>\n<p>Amen.<\/p>\n<p class=\"Stil4\">Narciso Weiss, Buenos Aires<br \/>\n<a href=\"mailto:narcisoyelizabeth@hotmail.com\">narcisoyelizabeth@hotmail.com<\/a><\/p>\n<p>&nbsp;<\/p>\n","protected":false},"excerpt":{"rendered":"<p>\u00a1Gracia y paz de parte de nuestro Se\u00f1or Jesucristo, el que era, es y ser\u00e1 siempre! Queridos hermanos y hermanas en el Se\u00f1or, una de las caracter\u00edsticas que m\u00e1s me atraen del evangelio de Juan, es su riqueza en im\u00e1genes cuando desea referirse a cuestiones importantes. Desde el capitulo 13 hasta el 21 final del [&hellip;]<\/p>\n","protected":false},"author":1,"featured_media":8543,"comment_status":"closed","ping_status":"closed","sticky":false,"template":"","format":"standard","meta":{"footnotes":""},"categories":[39,727,108,113,284,3,109],"tags":[],"beitragende":[],"predigtform":[],"predigtreihe":[],"bibelstelle":[],"class_list":["post-9923","post","type-post","status-publish","format-standard","has-post-thumbnail","hentry","category-johannes","category-archiv","category-current","category-espa","category-kapitel-13-chapter-13-johannes","category-nt","category-predigten"],"_links":{"self":[{"href":"https:\/\/www.theologie.uzh.ch\/apps\/gpi\/wp-json\/wp\/v2\/posts\/9923","targetHints":{"allow":["GET"]}}],"collection":[{"href":"https:\/\/www.theologie.uzh.ch\/apps\/gpi\/wp-json\/wp\/v2\/posts"}],"about":[{"href":"https:\/\/www.theologie.uzh.ch\/apps\/gpi\/wp-json\/wp\/v2\/types\/post"}],"author":[{"embeddable":true,"href":"https:\/\/www.theologie.uzh.ch\/apps\/gpi\/wp-json\/wp\/v2\/users\/1"}],"replies":[{"embeddable":true,"href":"https:\/\/www.theologie.uzh.ch\/apps\/gpi\/wp-json\/wp\/v2\/comments?post=9923"}],"version-history":[{"count":1,"href":"https:\/\/www.theologie.uzh.ch\/apps\/gpi\/wp-json\/wp\/v2\/posts\/9923\/revisions"}],"predecessor-version":[{"id":14452,"href":"https:\/\/www.theologie.uzh.ch\/apps\/gpi\/wp-json\/wp\/v2\/posts\/9923\/revisions\/14452"}],"wp:featuredmedia":[{"embeddable":true,"href":"https:\/\/www.theologie.uzh.ch\/apps\/gpi\/wp-json\/wp\/v2\/media\/8543"}],"wp:attachment":[{"href":"https:\/\/www.theologie.uzh.ch\/apps\/gpi\/wp-json\/wp\/v2\/media?parent=9923"}],"wp:term":[{"taxonomy":"category","embeddable":true,"href":"https:\/\/www.theologie.uzh.ch\/apps\/gpi\/wp-json\/wp\/v2\/categories?post=9923"},{"taxonomy":"post_tag","embeddable":true,"href":"https:\/\/www.theologie.uzh.ch\/apps\/gpi\/wp-json\/wp\/v2\/tags?post=9923"},{"taxonomy":"beitragende","embeddable":true,"href":"https:\/\/www.theologie.uzh.ch\/apps\/gpi\/wp-json\/wp\/v2\/beitragende?post=9923"},{"taxonomy":"predigtform","embeddable":true,"href":"https:\/\/www.theologie.uzh.ch\/apps\/gpi\/wp-json\/wp\/v2\/predigtform?post=9923"},{"taxonomy":"predigtreihe","embeddable":true,"href":"https:\/\/www.theologie.uzh.ch\/apps\/gpi\/wp-json\/wp\/v2\/predigtreihe?post=9923"},{"taxonomy":"bibelstelle","embeddable":true,"href":"https:\/\/www.theologie.uzh.ch\/apps\/gpi\/wp-json\/wp\/v2\/bibelstelle?post=9923"}],"curies":[{"name":"wp","href":"https:\/\/api.w.org\/{rel}","templated":true}]}}