{"id":9933,"date":"2021-02-07T19:49:43","date_gmt":"2021-02-07T19:49:43","guid":{"rendered":"https:\/\/theologie.whp.uzh.ch\/apps\/gpi\/?p=9933"},"modified":"2022-10-03T08:30:34","modified_gmt":"2022-10-03T06:30:34","slug":"lucas-24-44-53","status":"publish","type":"post","link":"https:\/\/www.theologie.uzh.ch\/apps\/gpi\/lucas-24-44-53\/","title":{"rendered":"Lucas 24: 44 \u201353"},"content":{"rendered":"<div align=\"left\"><strong>T\u00edtulo:<\/strong><strong> La ascensi\u00f3n: \u00bfUn ascensor primigenio? <\/strong>Gracia y paz sean con ustedes de parte de Dios, nuestro padre, y del Se\u00f1or Jesucristo. Am\u00e9n <strong><br \/>\n<\/strong> Caros hermanas y hermanos:<br \/>\nEn este culto celebramos y recordamos que el Jes\u00fas Resucitado ascendi\u00f3 a los cielos. Es decir, Jes\u00fas vuelve a la Gloria que hab\u00eda dejado para \u201chabitar entre nosotros\u201d. Esto lo decimos en todos los cultos cuando recitamos el Credo apost\u00f3lico: <strong><em>\u201c\u2026 subi\u00f3 a los cielos, y est\u00e1 sentado a la derecha de Dios Padre todo poderoso\u201d<\/em><\/strong>. En este sentido es oportuno que nos preguntemos: \u00bfQu\u00e9 queremos decir con todo esto? Para decirlo con un eufemismo: \u00bfSimplemente que Jes\u00fas conoci\u00f3 el ascensor antes que nosotros? \u00bfPor qu\u00e9 para la iglesia fue tan importante?<\/p>\n<p>Al igual que la encarnaci\u00f3n, estamos frente a lo que es la gran paradoja de la fe. Dios, aunque omnipotente, omnisciente, omnipresente, quiere hacerse, como nosotros, carne que se pudre porque nos ama. Es, sin lugar a dudas, la paradoja m\u00e1s grande que podamos encontrar.<\/p>\n<p>Jes\u00fas asciende a los cielos. Ahora, con su ascensi\u00f3n el vuelve a la gloria que le era propia. Como dir\u00edamos nosotros: \u201ctarea cumplida\u201d. Esto lo escribe el ap\u00f3stol Pablo en su carta a los Filipenses<strong>: <\/strong><strong><em> \u201cHaya en vosotros esta manera de pensar que hubo tambi\u00e9n en Cristo Jes\u00fas: Existiendo en forma de Dios, \u00e9l no consider\u00f3 el ser igual a Dios como algo a qu\u00e9 aferrarse; sino que se despoj\u00f3 a s\u00ed mismo, tomando forma de siervo, haci\u00e9ndose semejante a los hombres; y hall\u00e1ndose en condici\u00f3n de hombre, se humill\u00f3 a s\u00ed mismo haci\u00e9ndose obediente hasta la muerte, \u00a1y muerte de cruz! Por lo cual tambi\u00e9n Dios lo exalt\u00f3 hasta lo sumo y le otorg\u00f3 el nombre que es sobre todo nombre; para que en el nombre de Jes\u00fas se doble toda rodilla de los que est\u00e1n en los cielos, en la tierra y debajo de la tierra; y toda lengua confiese para gloria de Dios Padre que Jesucristo es Se\u00f1or.\u201d <\/em><\/strong><\/p>\n<p>Aunque todo esto nos parezca muy poco pr\u00e1ctico, no lo es. Jes\u00fas no tom\u00f3 meramente un ascensor. Cuando afirmamos que Jesucristo ahora tiene toda la gloria y el poder, adem\u00e1s de alabarle, estamos afirmando otra cosa. Estamos diciendo que el rumbo que toma -o no- nuestro cansado mundo descansa en los brazos de este Se\u00f1or. Cuando Jes\u00fas asciende a los cielos no es para apegarse a la jubilaci\u00f3n. Jes\u00fas no se desentiende del mundo. Ahora \u00c9l es el Se\u00f1or. Ahora \u00c9l, como Dios y Se\u00f1or, tiene en sus manos los designios del mundo. \u00c9ste es el mensaje del Apocalipsis. Aunque a veces parezca lo contrario, Jesucristo como victorioso y vencedor, es el que tiene en sus manos las riendas que dirigen al mundo y nada, y nadie, escapa a su mano.<\/p>\n<p>Cuando vemos las noticias en la televisi\u00f3n, o las leemos en los diarios, parecer\u00eda que vamos de mal en peor. Podemos preguntarnos, o cuestionarnos qu\u00e9 es lo que pasa en el mundo. Tal vez nos parezca que no es precisamente Dios el que dirige al mundo. Es tanta la maldad, injusticia, prepotencia, las bombas, las muertes, el dolor, etc., etc., que preguntamos, Si Dios es Dios: \u00bfpor qu\u00e9 lo permite? Esta es una pregunta muy humana y, lo reconozcamos o no, todos nosotros al menos una vez, lo hemos dicho o pensado.<\/p>\n<p>Es por eso que necesitamos, al igual de los disc\u00edpulos que venga el Jes\u00fas resucitado y nos abra la mente y el entendimiento, para entender y comprender la palabra de Dios. Es como si Jes\u00fas les dijera: \u201cS\u00e9 que ustedes no entienden porque la cosa tuvo que ser as\u00ed y no de otro modo. S\u00e9 que ustedes se preguntan porque Dios eligi\u00f3 este camino, pero ERA NECESARIO\u201d. Era necesaria la muerte de Jes\u00fas en la cruz, era necesaria su resurrecci\u00f3n, era necesaria su ascensi\u00f3n. Y, por su puesto, es necesario que \u00c9l venga por segunda vez. Ya no humilde para nacer en le pesebre, sino con poder y gloria. Es necesario aunque \u00c9l vendr\u00e1 como juez. Por eso, la ascensi\u00f3n de Jes\u00fas es, a su vez el preludio de su parus\u00eda.<\/p>\n<p>\u00bfPor qu\u00e9 era necesario y lo es ahora tambi\u00e9n que sea Jesucristo el que nos abra la mente? Muchas veces pensamos que el bien y el mal se pelean de la misma forma que nuestros hijos lo hacen; tal vez los primeros de una manera m\u00e1s ontol\u00f3gica, pero se pelean al fin. Por ponerlo en categor\u00edas existenciales, el mal o el maligno existe. Lo podemos interpretar como mejor nos parezca, pero existe, la muerte no es relativizable, tampoco el dolor. Como lo dice Shakespeare en una de sus obras: \u201cning\u00fan fil\u00f3sofo aguanta un dolor de muelas\u201d. Satan\u00e1s, el mal no se pelea con Dios como los chicos en la escuela. No: Jesucristo es el Se\u00f1or. S\u00f3lo \u00c9l reina.<\/p>\n<p>Aunque, tal vez en apariencia, el mal reina y triunfa, tiene la guerra perdida. Tal vez nos parezca que, a veces, que gana algunas batallas, est\u00e1 vencido. Puede ser que nos parezca, de a ratos, que el mal gana demasiadas batallas pero, no puede ser relativizable que Dios, y s\u00f3lo Dios, tiene la \u00faltima palabra. La muerte es un absoluto: o la muerte nos sumerge en la nada, o tras muerte, nos adentramos a la realidad \u00faltima y eterna. Jesucristo, con su victoria nos da esta garant\u00eda.<\/p>\n<p>Y para nosotros esto es muy importante y necesario. Porque, muchas veces, demasiadas veces, se afirma que los cristianos miran tanto el cielo que se olvidan de los problemas de la tierra. La ascensi\u00f3n de Jes\u00fas no es, de ninguna forma, un escapismo. La fe en Jesucristo no es un consuelo interesado y menos aun, opio, como se ha afirmado.<\/p>\n<p>Como creyentes estamos entre la ascensi\u00f3n de Jes\u00fas y su segunda venida. Sabemos que debemos permanecer unidos en la fe, confiados en lo que nos espera, la plenitud del Reino de Dios. Pero, esta plenitud ya ha comenzado. Ahora como cristianos, por medio de esta esperanza, podemos vivir hoy esta realidad del mundo nuevo en el cual Cristo reinar\u00e1. Todo esto, m\u00e1s que alejarme del mundo y de sus problemas, nos pone exactamente en el medio de ellos. Nunca la fe cristiana quiso ser escapismo, aunque la encontremos muchas veces en la historia de la Iglesia. Tenemos, como creyentes, el compromiso de vivir en el aqu\u00ed y el ahora, esta nueva manera de \u201cvivir en Cristo\u201d. Los cristianos no somos llamados a evadirnos, somos llamados a colaborar y trabajar en el mundo para mostrar que existe una mejor forma de vivir que a los portazos, las bombas y la injusticias.<\/p>\n<p>Justamente porque s\u00e9 que Jesucristo es vencedor, s\u00e9 que el bien, la paz, la misericordia y la justicia, es m\u00e1s fuerte. Porque s\u00e9 en qu\u00e9 manos descansa este mundo puedo, en medio de la maldad, la violencia, las guerras, el dolor, la muerte y la injusticia, etc., vivir plenamente mi fe, poni\u00e9ndome como instrumento en manos del Se\u00f1or. Lo puedo hacer porque tengo la certeza que vale la pena trabajar y luchar contra la maldad. \u201cHazme Se\u00f1or un instrumento de tu paz\u2026\u201d<\/p>\n<p>Recuerdo que una vez pude ver a Mar\u00eda Teresa de Calculta en medio de un reportaje que le hac\u00edan los periodistas. Un hombre le pregunta, <em>\u201c\u00bfC\u00f3mo puede usted hablar de que Dios es amor en medio de tanta hambre, tanto dolor?\u201d<\/em> Ella le respondi\u00f3: <em>\u201cLo veo como una oportunidad que me da Dios para amar a mis hermanos\u201d.<\/em> Esta mujer vivi\u00f3 en medio del dolor y la pobreza extrema, pero sab\u00eda en que Dios cre\u00eda. La confianza en la resurrecci\u00f3n y la victoria de Jesucristo le daba la fuerza necesaria para ser \u201cun instrumento de tu paz\u2026\u201d Esta fe no era evasi\u00f3n, como tampoco la nuestra lo puede ser.<\/p>\n<p>Creo que por eso el Evangelio de Lucas termina con la alegr\u00eda con que los disc\u00edpulos alaban a Dios en el templo, esperando la llegada del Esp\u00edritu Santo. Esta alabanza puede ser la nuestra porque, en medio de todos los problemas que tengamos, no podemos perder a Jesucristo y tenemos la ayuda del Esp\u00edritu Santo.<\/p>\n<p>Esta fe cristiana llev\u00f3 a la Iglesia a predicar el evangelio y a compartir el dolor, las cargas y el pan. La diacon\u00eda y el servicio tan importante para la vida de la Iglesia, comenz\u00f3 de la mano del anunci\u00f3 del triunfo: \u201c\u00a1Jes\u00fas es el Se\u00f1or!\u201d. Por eso, en vez de preguntarme: <em>\u201c\u00bfPorqu\u00e9 Dios lo permite?\u201d<\/em> Pregunt\u00e9monos: <em>\u201cSi puedo ver esta situaci\u00f3n, \u00bfqu\u00e9 me est\u00e1 pidiendo Dios que haga?\u201d<\/em>. En vez de decir, como escucho tantas veces, <em>\u201cnunca nadie me am\u00f3\u201d,<\/em> porque no me pongo a pensar: \u201c\u00bf\u00a1<em>Es que yo nunca encontr\u00e9 a alguien a qui\u00e9n amar!?<\/em><\/p>\n<p>\u00bfPor qu\u00e9 no cambiamos el sentido de la flecha?<\/p>\n<p>Como cristianos somos llamados a pensar y reaccionar de forma diferente al mundo. \u00bfQu\u00e9 piensa un no-creyente cuando ve a un cristiano reaccionar de la misma forma que \u00e9l reacciona? Creo que dir\u00eda: <em>\u201c\u00bfPara eso me propon\u00e9s un Jesucristo? \u00a1Mejor me quedo con lo que tengo!<\/em> Somos llamados a reaccionar de forma diferente porque contamos con Jesucristo. Y s\u00e9 que, cuando \u00c9l llegue por segunda vez, terminar\u00e1 con todo tipo de violencia, guerra y maldad. Pero antes, como iglesia debemos ser, en medio del fr\u00edo de la maldad y violencia del mundo, la estufita del amor de Dios.<\/p>\n<p>\u00a1Qu\u00e9 as\u00ed sea!<br \/>\nAm\u00e9n.<\/p>\n<p><strong> Sergio A. Schmidt, Pastor, Temperley, Argentina<br \/>\n<a href=\"mailto:breschischmidt@ciudad.com.ar\">breschischmidt@ciudad.com.ar<\/a><\/strong><\/p>\n<p><strong>\u00a0<\/strong><\/p>\n<p>&nbsp;<\/p>\n<\/div>\n","protected":false},"excerpt":{"rendered":"<p>T\u00edtulo: La ascensi\u00f3n: \u00bfUn ascensor primigenio? Gracia y paz sean con ustedes de parte de Dios, nuestro padre, y del Se\u00f1or Jesucristo. Am\u00e9n Caros hermanas y hermanos: En este culto celebramos y recordamos que el Jes\u00fas Resucitado ascendi\u00f3 a los cielos. Es decir, Jes\u00fas vuelve a la Gloria que hab\u00eda dejado para \u201chabitar entre nosotros\u201d. [&hellip;]<\/p>\n","protected":false},"author":1,"featured_media":8543,"comment_status":"closed","ping_status":"closed","sticky":false,"template":"","format":"standard","meta":{"footnotes":""},"categories":[38,727,108,113,319,3,109],"tags":[],"beitragende":[],"predigtform":[],"predigtreihe":[],"bibelstelle":[],"class_list":["post-9933","post","type-post","status-publish","format-standard","has-post-thumbnail","hentry","category-lukas","category-archiv","category-current","category-espa","category-kapitel-24-chapter-24","category-nt","category-predigten"],"_links":{"self":[{"href":"https:\/\/www.theologie.uzh.ch\/apps\/gpi\/wp-json\/wp\/v2\/posts\/9933","targetHints":{"allow":["GET"]}}],"collection":[{"href":"https:\/\/www.theologie.uzh.ch\/apps\/gpi\/wp-json\/wp\/v2\/posts"}],"about":[{"href":"https:\/\/www.theologie.uzh.ch\/apps\/gpi\/wp-json\/wp\/v2\/types\/post"}],"author":[{"embeddable":true,"href":"https:\/\/www.theologie.uzh.ch\/apps\/gpi\/wp-json\/wp\/v2\/users\/1"}],"replies":[{"embeddable":true,"href":"https:\/\/www.theologie.uzh.ch\/apps\/gpi\/wp-json\/wp\/v2\/comments?post=9933"}],"version-history":[{"count":2,"href":"https:\/\/www.theologie.uzh.ch\/apps\/gpi\/wp-json\/wp\/v2\/posts\/9933\/revisions"}],"predecessor-version":[{"id":13837,"href":"https:\/\/www.theologie.uzh.ch\/apps\/gpi\/wp-json\/wp\/v2\/posts\/9933\/revisions\/13837"}],"wp:featuredmedia":[{"embeddable":true,"href":"https:\/\/www.theologie.uzh.ch\/apps\/gpi\/wp-json\/wp\/v2\/media\/8543"}],"wp:attachment":[{"href":"https:\/\/www.theologie.uzh.ch\/apps\/gpi\/wp-json\/wp\/v2\/media?parent=9933"}],"wp:term":[{"taxonomy":"category","embeddable":true,"href":"https:\/\/www.theologie.uzh.ch\/apps\/gpi\/wp-json\/wp\/v2\/categories?post=9933"},{"taxonomy":"post_tag","embeddable":true,"href":"https:\/\/www.theologie.uzh.ch\/apps\/gpi\/wp-json\/wp\/v2\/tags?post=9933"},{"taxonomy":"beitragende","embeddable":true,"href":"https:\/\/www.theologie.uzh.ch\/apps\/gpi\/wp-json\/wp\/v2\/beitragende?post=9933"},{"taxonomy":"predigtform","embeddable":true,"href":"https:\/\/www.theologie.uzh.ch\/apps\/gpi\/wp-json\/wp\/v2\/predigtform?post=9933"},{"taxonomy":"predigtreihe","embeddable":true,"href":"https:\/\/www.theologie.uzh.ch\/apps\/gpi\/wp-json\/wp\/v2\/predigtreihe?post=9933"},{"taxonomy":"bibelstelle","embeddable":true,"href":"https:\/\/www.theologie.uzh.ch\/apps\/gpi\/wp-json\/wp\/v2\/bibelstelle?post=9933"}],"curies":[{"name":"wp","href":"https:\/\/api.w.org\/{rel}","templated":true}]}}