{"id":9985,"date":"2021-02-07T19:49:35","date_gmt":"2021-02-07T19:49:35","guid":{"rendered":"https:\/\/theologie.whp.uzh.ch\/apps\/gpi\/?p=9985"},"modified":"2022-10-10T09:34:55","modified_gmt":"2022-10-10T07:34:55","slug":"lucas-9-18-24-2","status":"publish","type":"post","link":"https:\/\/www.theologie.uzh.ch\/apps\/gpi\/lucas-9-18-24-2\/","title":{"rendered":"Lucas 9, 18-24"},"content":{"rendered":"<div align=\"left\"><strong>Texto: <\/strong>Hermanos: Que el Se\u00f1or ilumine su rostro sobre nosotros.<\/p>\n<p><strong>La situaci\u00f3n.<br \/>\n<\/strong> Lucas ha ido haciendo esta pregunta continuamente, ya desde el principio (4,22.36; 5,9), los fariseos tambi\u00e9n la hacen (5,21), Juan Bautista exactamente igual (8,25) y Herodes no se priva de ello (9,7-9). No es una pregunta que aparezca de repente.<\/p>\n<p>Esta pregunta, que se ha ido formulando por personas en realidades diferentes, la va a hacer ahora Jes\u00fas a sus disc\u00edpulos: <em>\u00bfQui\u00e9n dice la gente que soy yo?<\/em><\/p>\n<p>Para Lucas no tiene importancia el espacio f\u00edsico donde se desarrolla la escena, sino m\u00e1s bien el espacio existencial, el contexto vital: la oraci\u00f3n. Jes\u00fas pregunta en la oraci\u00f3n, es decir, en el espacio \u00edntimo de relaci\u00f3n, en el cara a cara.<\/p>\n<p><strong>Una pregunta<br \/>\n<\/strong><em>\u00bfQui\u00e9n dice la gente que soy yo?<\/em> pregunta Jes\u00fas. Buena pregunta para cualquier empresa de sondeos en la actualidad. Seguro que habr\u00eda respuestas basadas en estereotipos aprendidos (9,19) en catecismos, libros, pel\u00edculas; habr\u00eda respuestas en blanco y otras ser\u00edan muy \u201cpol\u00edticamente correctas\u201d o muy incorrectas. Nos encontrar\u00edamos de todo, incluso con quienes ser\u00edan capaces de ver en la Biblia solamente im\u00e1genes \u201cabsurdas\u201d para decir quien es Dios. Un ejemplo: un le\u00f3n (Am 1,2; Os 5,14); una osa sin sus cachorros (Os 13,7); una polilla (Os 5,12); arroyo de aguas enga\u00f1osas (Jr 15,18); un ser incapaz de ayudar (Jr 14,8-9). Sacadas de su contexto hay que reconocer que resultan, cuanto menos, chocantes.<\/p>\n<p>Pero, por otra parte, \u00bfqui\u00e9n es la gente? \u00bfSe refiere, acaso, Jes\u00fas a todos aquellos que comieron con la multiplicaci\u00f3n de los panes (9,10-17), o bien a todos los que pod\u00edan tener alguna referencia sobre \u00e9l, o m\u00e1s bien a aquellos que le pod\u00edan dar una palmadita en la espalda dici\u00e9ndole lo que \u00e9l quer\u00eda o\u00edr, lo que le gustar\u00eda o\u00edr? \u00bfPor qu\u00e9 hace Jes\u00fas una pregunta tan general cuando es tan directo? La gente somos todos, cualquiera de nosotros, s\u00f3lo por nuestra capacidad para lanzar balones fuera y evadirnos de la realidad, se ve Jes\u00fas en la necesidad de concretar m\u00e1s la pregunta.<\/p>\n<p>Pensemos un poco. Para nosotros ese anonimato de la \u201cgente\u201d, nos viene muy bien ya que nos permite escondernos en ciertas repuestas ante cuestiones inc\u00f3modas. En esa situaci\u00f3n, incluso podemos colar una respuesta personal que no sea excesivamente comprometedora, no sea que destaquemos mucho entre \u201cla gente\u201d. Es la respuesta que dan los disc\u00edpulos: unos dicen que\u2026, otros que\u2026 Pero al final nada. No hay respuesta personal. Afortunadamente ah\u00ed est\u00e1 Jes\u00fas, brindando otra posibilidad y centrando la pregunta para que no divaguemos.<\/p>\n<p><strong>Su pregunta\u2026<br \/>\n<\/strong><em> Y vosotros, \u00bfqui\u00e9n dec\u00eds que soy yo?<\/em> Entre las canciones m\u00e1s o\u00eddas \u00faltimamente en las emisoras de radio de mi pa\u00eds, hay una que dice en su estribillo:<\/p>\n<p><em> Yo soy un moro jud\u00edo, que vive con los cristianos,<br \/>\nno s\u00e9 que Dios es el m\u00edo, ni cuales son mis hermanos\u2026<br \/>\n(Del CD \u201c ECO\u201d de J. Drexler) <\/em><\/p>\n<p>\u00bfSabemos nosotros qui\u00e9n es nuestro Dios? Advierto que ser cristianos no es garant\u00eda para contestar de modo correcto.<\/p>\n<p>Nuestro Dios es aquel que hizo el cielo y la tierra, que nos regal\u00f3 el mundo para que lo cuid\u00e1semos y lo dej\u00e1ramos en las mejores condiciones para las pr\u00f3ximas generaciones.<\/p>\n<p>Nuestro Dios es aquel que sac\u00f3 al pueblo de la esclavitud y lo aliment\u00f3 en el desierto, hasta dejarlo en la tierra que mana leche y miel.<\/p>\n<p>Nuestro Dios es aquel que bendijo a Abraham con una gran descendencia, tan numerosa como las estrellas del cielo o la arena del mar.<\/p>\n<p>Nuestro Dios es aquel que elev\u00f3 el amor humano a la categor\u00eda de divino en la entrega completa de la pareja y lo cant\u00f3 en el Cantar de los Cantares.<\/p>\n<p>Nuestro Dios es aquel que no se cans\u00f3 de salir tras su amada que se resist\u00eda a su amor, como nos cuentan los profetas.<\/p>\n<p>Nuestro Dios es aquel que escucha, atiende y entiende nuestras ansias en los salmos.<\/p>\n<p>Nuestro Dios es nuestro hermano, Jes\u00fas de Nazaret, aquel que se mostr\u00f3 como un adolescente impertinente en el Templo, ante la pregunta angustiada de sus padres.<\/p>\n<p>Nuestro Dios es nuestro hermano Jes\u00fas de Nazaret, a quien no le sent\u00f3 muy bien que su madre, en las bodas de Can\u00e1, le dijera lo que ten\u00eda que hacer, o que la mujer cananea le replicara y as\u00ed le ayudara a adentrarse un poco m\u00e1s en su realidad mesi\u00e1nica.<\/p>\n<p>Nuestro Dios es nuestro hermano Jes\u00fas de Nazaret, que com\u00eda y beb\u00eda con sus amigos y amigas, y le gustaba pas\u00e1rselo bien.<\/p>\n<p>Nuestro Dios es un Dios todopoderoso capaz de alimentar a una multitud con apenas nada, y es capaz de caminar sobre las aguas, y es capaz de devolver la salud a los enfermos, y es capaz de romper normas de la \u00e9poca, y\u2026 \u00a1Todo esto tambi\u00e9n son respuestas aprendidas! Valen, pero no del todo, porque en realidad, Dios es todo eso pero algo m\u00e1s que nos suele pasar desapercibido: Es el Dios que se abaja, que se encarna, que mancha las manos en nuestra tierra, con nuestro barro. No caben excusas, la pregunta la tenemos que interpretar de forma mucho m\u00e1s personal: <em>\u00bfQui\u00e9n soy <strong>yo<\/strong><\/em><em>para ti? <\/em><\/p>\n<p><strong>\u2026 Y mi respuesta<br \/>\n<\/strong> La respuesta que cada uno demos, no puede representar la repetici\u00f3n de algo simplemente aprendido, de una doctrina, sino que debe ser la expresi\u00f3n de la experiencia personal del encuentro con Cristo resucitado. S\u00f3lo se puede comunicar aquello o a quien se conoce, aunque hay que ser sinceros y decir que Dios es sumamente sorprendente y, no se le termina de conocer. Pero podemos matizar un poco y decir que s\u00f3lo podemos comunicar aquello que hemos experienciado. De la experiencia de Dios, s\u00ed podemos hablar.<\/p>\n<p>Si respondemos aquello que s\u00f3lo hemos aprendido, pero no aprehendido, nos pasar\u00e1 como a Pedro que, acertando en la respuesta, no deja contento a Jes\u00fas y les prohibe a los ap\u00f3stoles que lo comenten. Extra\u00f1a la actitud de Jes\u00fas, si la respuesta era la correcta, \u00bfa qu\u00e9 viene imponer este silencio?<\/p>\n<p>A Jes\u00fas no le gustaban las respuestas dogm\u00e1ticas. Quiere, intenta provocar en los disc\u00edpulos, una actitud de verdadero discipulado que no es otra cosa m\u00e1s que actuar como el maestro. Tendemos en la vida a admirar a Jes\u00fas y cuando admiramos, solemos quedarnos sin mucha capacidad de reacci\u00f3n, absortos en esa admiraci\u00f3n. Esto es lo que pretende evitar Jes\u00fas, porque sus explicaciones sobre lo que ha de padecer, la exigencia de renuncia en el disc\u00edpulo y la disposici\u00f3n a cargar con la cruz de cada d\u00eda (9, 22-24), no es otra cosa m\u00e1s que una invitaci\u00f3n a vivir como \u00e9l vivi\u00f3 y a asumir las consecuencias, es decir: a curar, reinterpretar, arriesgar, vivir lo humano a tope sabiendo que no s\u00f3lo pertenecemos a esta realidad que vemos sino a otra sin limitaciones, a superar el miedo que nos impide ser creativos y pr\u00f3ximos a los otros en cualquier situaci\u00f3n, a romper estructuras opresoras, a hacer aquello para lo que creemos valer y poder, a disfrutar del gozo y del placer. Todo esto podr\u00e1 ser bien o mal interpretado, traer\u00e1, efectivamente, consecuencias pero ser\u00e1 un estilo de vida diferente. Ser\u00e1 el nuevo estilo de vida provocado por el encuentro con Cristo resucitado. Estilo evocador y provocativo, pero nunca, nunca pasivo. Es el estilo que ya nos pone en camino de responder qui\u00e9n es Jes\u00fas.<\/p>\n<p>Y podremos ponerle rostros al encuentro, los rostros de nuestros hermanos, de los que tenemos cerca y de los que tenemos lejos, de los que conocemos y de aquellos que no son m\u00e1s que rostros desconocidos, de los que nos evocan y de los que nos provocan.<\/p>\n<p>A partir de ah\u00ed ya estaremos en disposici\u00f3n de intentar dar una respuesta, nuestra respuesta, a la pregunta que directamente Jes\u00fas nos hace a cada uno de nosotros: Y T\u00fa, <em>\u00bfqui\u00e9n dices que soy <strong>yo<\/strong>? <\/em><\/p>\n<p>Es una pregunta que s\u00f3lo hallar\u00e1 respuesta en la experiencia, por eso no habr\u00e1 dos respuestas iguales, porque Dios nos hizo diferentes y diferentes ser\u00e1n las respuestas. La libertad nos ayudar\u00e1 en este momento. No sentirnos aprisionados en dogmatismos y ritualismos ser\u00e1 el mejor espacio existencial, dentro de la oraci\u00f3n, para el encuentro, el gozo y la respuesta. Y juntos, siempre juntos, hermanos, podremos responder qui\u00e9n es Jes\u00fas para m\u00ed, para ti, para nosotros.<\/p>\n<p>Mi respuesta ser\u00eda esta: Digo que eres el Dios de la misericordia, de la acogida, del amor, del perd\u00f3n y de la libertad que no me invita a hacer lo que quiero, sino a tomar aquello que es m\u00edo. Y m\u00eda es tu misericordia, tu acogida, tu amor, tu perd\u00f3n y tu libertad. Con todas las consecuencias.<\/p>\n<p>Que todos disfrutemos del encuentro, y sus consecuencias. Am\u00e9n<\/p>\n<p><strong>Cristina Inog\u00e9s, Zaragoza<br \/>\n<a href=\"mailto:Crisinog@telefonica.net\">Crisinog@telefonica.net<\/a><br \/>\n<\/strong><\/p>\n<\/div>\n","protected":false},"excerpt":{"rendered":"<p>Texto: Hermanos: Que el Se\u00f1or ilumine su rostro sobre nosotros. La situaci\u00f3n. Lucas ha ido haciendo esta pregunta continuamente, ya desde el principio (4,22.36; 5,9), los fariseos tambi\u00e9n la hacen (5,21), Juan Bautista exactamente igual (8,25) y Herodes no se priva de ello (9,7-9). No es una pregunta que aparezca de repente. Esta pregunta, que [&hellip;]<\/p>\n","protected":false},"author":1,"featured_media":8543,"comment_status":"closed","ping_status":"closed","sticky":false,"template":"","format":"standard","meta":{"footnotes":""},"categories":[38,727,108,113,226,3,109],"tags":[],"beitragende":[],"predigtform":[],"predigtreihe":[],"bibelstelle":[],"class_list":["post-9985","post","type-post","status-publish","format-standard","has-post-thumbnail","hentry","category-lukas","category-archiv","category-current","category-espa","category-kapitel-09-chapter-09","category-nt","category-predigten"],"_links":{"self":[{"href":"https:\/\/www.theologie.uzh.ch\/apps\/gpi\/wp-json\/wp\/v2\/posts\/9985","targetHints":{"allow":["GET"]}}],"collection":[{"href":"https:\/\/www.theologie.uzh.ch\/apps\/gpi\/wp-json\/wp\/v2\/posts"}],"about":[{"href":"https:\/\/www.theologie.uzh.ch\/apps\/gpi\/wp-json\/wp\/v2\/types\/post"}],"author":[{"embeddable":true,"href":"https:\/\/www.theologie.uzh.ch\/apps\/gpi\/wp-json\/wp\/v2\/users\/1"}],"replies":[{"embeddable":true,"href":"https:\/\/www.theologie.uzh.ch\/apps\/gpi\/wp-json\/wp\/v2\/comments?post=9985"}],"version-history":[{"count":1,"href":"https:\/\/www.theologie.uzh.ch\/apps\/gpi\/wp-json\/wp\/v2\/posts\/9985\/revisions"}],"predecessor-version":[{"id":14133,"href":"https:\/\/www.theologie.uzh.ch\/apps\/gpi\/wp-json\/wp\/v2\/posts\/9985\/revisions\/14133"}],"wp:featuredmedia":[{"embeddable":true,"href":"https:\/\/www.theologie.uzh.ch\/apps\/gpi\/wp-json\/wp\/v2\/media\/8543"}],"wp:attachment":[{"href":"https:\/\/www.theologie.uzh.ch\/apps\/gpi\/wp-json\/wp\/v2\/media?parent=9985"}],"wp:term":[{"taxonomy":"category","embeddable":true,"href":"https:\/\/www.theologie.uzh.ch\/apps\/gpi\/wp-json\/wp\/v2\/categories?post=9985"},{"taxonomy":"post_tag","embeddable":true,"href":"https:\/\/www.theologie.uzh.ch\/apps\/gpi\/wp-json\/wp\/v2\/tags?post=9985"},{"taxonomy":"beitragende","embeddable":true,"href":"https:\/\/www.theologie.uzh.ch\/apps\/gpi\/wp-json\/wp\/v2\/beitragende?post=9985"},{"taxonomy":"predigtform","embeddable":true,"href":"https:\/\/www.theologie.uzh.ch\/apps\/gpi\/wp-json\/wp\/v2\/predigtform?post=9985"},{"taxonomy":"predigtreihe","embeddable":true,"href":"https:\/\/www.theologie.uzh.ch\/apps\/gpi\/wp-json\/wp\/v2\/predigtreihe?post=9985"},{"taxonomy":"bibelstelle","embeddable":true,"href":"https:\/\/www.theologie.uzh.ch\/apps\/gpi\/wp-json\/wp\/v2\/bibelstelle?post=9985"}],"curies":[{"name":"wp","href":"https:\/\/api.w.org\/{rel}","templated":true}]}}